{"id":1001,"date":"2019-05-02T16:01:38","date_gmt":"2019-05-02T16:01:38","guid":{"rendered":"https:\/\/cercolinfo.it\/?p=1001"},"modified":"2019-05-02T16:01:41","modified_gmt":"2019-05-02T16:01:41","slug":"il-ricettario-4","status":"publish","type":"post","link":"https:\/\/www.cercolinfo.it\/index.php\/2019\/05\/02\/il-ricettario-4\/","title":{"rendered":"Il Ricettario"},"content":{"rendered":"\n<h4 class=\"wp-block-heading\"> PANNA COTTA IN SALSA DI FICHI E NOCCIOLE <\/h4>\n\n\n\n<p>Per la presentazione ho preferito utilizzare i barattolini, perch\u00e9 oltre ad essere comodi per la consumazione li trovo decisamente accattivanti e fashion per servire la panna cotta. <\/p>\n\n\n\n<div class=\"wp-block-image\"><figure class=\"aligncenter is-resized\"><img decoding=\"async\" loading=\"lazy\" src=\"https:\/\/cercolinfo.it\/wp-content\/uploads\/2019\/05\/IMG-20190312-WA0010_1-570x570.jpg\" alt=\"\" class=\"wp-image-1003\" width=\"428\" height=\"428\" srcset=\"https:\/\/www.cercolinfo.it\/wp-content\/uploads\/2019\/05\/IMG-20190312-WA0010_1-570x570.jpg 570w, https:\/\/www.cercolinfo.it\/wp-content\/uploads\/2019\/05\/IMG-20190312-WA0010_1-570x570-150x150.jpg 150w, https:\/\/www.cercolinfo.it\/wp-content\/uploads\/2019\/05\/IMG-20190312-WA0010_1-570x570-300x300.jpg 300w\" sizes=\"(max-width: 428px) 100vw, 428px\" \/><figcaption>Segui le ricette del direttore su Instagram<\/figcaption><\/figure><\/div>\n\n\n\n<h6 class=\"wp-block-heading\">INGREDIENTI<br><\/h6>\n\n\n\n<p>400 ml panna fresca<\/p>\n\n\n\n<p>4 cucchiai zucchero<\/p>\n\n\n\n<p>1 cucchiaino estratto di vaniglia<\/p>\n\n\n\n<p>6 g di gelatina in fogli. <br><\/p>\n\n\n\n<h4 class=\"wp-block-heading\"> PROCEDIMENTO PER LA PANNA COTTA <\/h4>\n\n\n\n<p>Innanzitutto occorre mettere a bagno la gelatina in acqua fredda per circa 15 minuti. Nel frattempo ho messo a scaldare la panna con l&#8217;estratto di vaniglia e lo zucchero e portato fino a quasi bollore utilizzando la fiamma sempre al minimo, e mescolando spesso, fino al completo scioglimento dello zucchero.<\/p>\n\n\n\n<div class=\"wp-block-image\"><figure class=\"aligncenter\"><img decoding=\"async\" loading=\"lazy\" width=\"290\" height=\"240\" src=\"https:\/\/cercolinfo.it\/wp-content\/uploads\/2019\/05\/pannacotta-01.jpg\" alt=\"\" class=\"wp-image-1024\"\/><figcaption>step 1 scaldare la panna<\/figcaption><\/figure><\/div>\n\n\n\n<p>Ho tolto dal fuoco, ho strizzato la gelatina fino a farle perdere tutta l\u2019acqua e l&#8217;ho immersa nella panna calda e ho mescolato a mano con una frusta per farla sciogliere bene facendo attenzione che la gelatina venga assorbita completamente ed evitando il pi\u00f9 possibile la formazione di grumi.<\/p>\n\n\n\n<p>Ho lasciato intiepidire e poi ho versato la panna cotta filtrandola attraverso un colino, nei miei barattolini fino a riempirli per met\u00e0 o \u00be a seconda di quante porzioni volete realizzare. Se guardate la foto della presentazione io li ho riempiti un poco oltre la met\u00e0 e ho servito circa 5 barattoli. <\/p>\n\n\n\n<p>Ho lasciato dapprima raffreddare a temperatura ambiente e poi trasferito i barattolini in frigo. (minimo 6 ore).<\/p>\n\n\n\n<h4 class=\"wp-block-heading\">PREPARAZIONE PER LA SALSA DI FICHI <br><\/h4>\n\n\n\n<h3 class=\"wp-block-heading\">Ingredienti<\/h3>\n\n\n\n<p>4 fichi maturi<\/p>\n\n\n\n<p>2 cucchiai di zucchero<\/p>\n\n\n\n<p>2 cucchiai d&#8217;acqua<br><\/p>\n\n\n\n<h4 class=\"wp-block-heading\"> PROCEDIMENTO <\/h4>\n\n\n\n<p>Poco prima di servire la panna cotta ho lavato i fichi e li ho spellati. Li ho tagliati a spicchi e li ho messi in un tegame piccolo con acqua e zucchero. Ho lasciato che si formasse lo sciroppo e i fichi si ammorbidissero (circa 5 minuti). Ho spento e lasciato raffreddare.<\/p>\n\n\n\n<p>PER LA FINITURA 2 fichi maturi granella di nocciole<\/p>\n\n\n\n<div class=\"wp-block-image\"><figure class=\"aligncenter is-resized\"><img decoding=\"async\" loading=\"lazy\" src=\"https:\/\/cercolinfo.it\/wp-content\/uploads\/2019\/05\/PANNA-COTTA-min-1024x799.jpg\" alt=\"\" class=\"wp-image-1002\" width=\"512\" height=\"400\" srcset=\"https:\/\/www.cercolinfo.it\/wp-content\/uploads\/2019\/05\/PANNA-COTTA-min-1024x799.jpg 1024w, https:\/\/www.cercolinfo.it\/wp-content\/uploads\/2019\/05\/PANNA-COTTA-min-300x234.jpg 300w, https:\/\/www.cercolinfo.it\/wp-content\/uploads\/2019\/05\/PANNA-COTTA-min-768x599.jpg 768w\" sizes=\"(max-width: 512px) 100vw, 512px\" \/><figcaption>Risultato finale<\/figcaption><\/figure><\/div>\n\n\n\n<p>Allora? che ve ne pare?<\/p>\n\n\n\n<h3 class=\"wp-block-heading\">Vino abbinato<\/h3>\n\n\n\n<h4 class=\"wp-block-heading\">Champagne <\/h4>\n\n\n\n<div class=\"wp-block-image\"><figure class=\"aligncenter is-resized\"><img decoding=\"async\" loading=\"lazy\" src=\"https:\/\/cercolinfo.it\/wp-content\/uploads\/2019\/05\/2019-05-02_173439.jpg\" alt=\"\" class=\"wp-image-1029\" width=\"407\" height=\"402\" srcset=\"https:\/\/www.cercolinfo.it\/wp-content\/uploads\/2019\/05\/2019-05-02_173439.jpg 542w, https:\/\/www.cercolinfo.it\/wp-content\/uploads\/2019\/05\/2019-05-02_173439-300x297.jpg 300w\" sizes=\"(max-width: 407px) 100vw, 407px\" \/><figcaption>foto da www.quattrocalici.it<\/figcaption><\/figure><\/div>\n\n\n\n<p>Lo spumante nato da quella intuizione, e chiamato Champagne con il nome della regione, possiede aromi di eccezionale finezza perch\u00e9 nasce da grappoli maturati oltre il 49\u00b0 parallelo, ultima frontiera a nord per la coltivazione della vite. <\/p>\n\n\n\n<p>\u00c8 questo il segreto della sua inimitabile eleganza, dell\u2019armonico equilibrio tra la freschezza acidula del suo sapore e la calda dolcezza della sua alcolicit\u00e0.<\/p>\n\n\n\n<h4 class=\"wp-block-heading\">Propriet\u00e0 organolettiche<\/h4>\n\n\n\n<p>Lo Champagne nasce da una cuv\u00e9e, cio\u00e8 da una miscela di vini ottenuti dai tre vitigni di vari vigneti: non solo quelli dell\u2019ultima vendemmia ma anche delle annate precedenti. <\/p>\n\n\n\n<p>\u00c8 un\u2019operazione di assemblaggio complessa, ma essenziale per ottenere ogni volta lo stesso sapore (il go\u00f9t maison) che \u00e8 specifico d\u2019ogni marca.<\/p>\n\n\n\n<p>Alla versione pi\u00f9 strutturata, specie con gli Champagne a base prevalente di Pinot Noir, pu\u00f2 correttamente essere abbinato un piatto pi\u00f9 strutturato, sia di pesce che di carne. <\/p>\n\n\n\n<p>Infine, il ros\u00e8e regge perfettamente il confronto con piatti maggiormente complessi, come, ad esempio, arrosti di carne o pesce con salse grasse. <\/p>\n\n\n\n<p>Naturalmente il demi-sec o il dolce, si accosta perfettamente a dolci, specie a base di pasticceria secca.<\/p>\n\n\n\n<h4 class=\"wp-block-heading\">Conservazione e modalit\u00e0 di servizio<\/h4>\n\n\n\n<p>Il suo Champagne pu\u00f2 essere conservato in una  cantinetta refrigerante come in un luogo fresco (tra i 10\u00b0C ed i 15\u00b0C),  asciutto e lontano dalla luce, esattamente le stesse condizioni presenti  nelle cantine .<\/p>\n\n\n\n<p>La ricchezza del suo Champagne si rivela totalmente tra i 9\u00b0C ed i 12\u00b0C. <\/p>\n\n\n\n<p>Servendo la sua bottiglia troppo fredda, gli aromi non si sprigionerebbero del tutto.  <\/p>\n\n\n\n<figure class=\"wp-block-image\"><img decoding=\"async\" loading=\"lazy\" width=\"960\" height=\"480\" src=\"https:\/\/cercolinfo.it\/wp-content\/uploads\/2019\/05\/drink-3615178_960_720.jpg\" alt=\"\" class=\"wp-image-1034\" srcset=\"https:\/\/www.cercolinfo.it\/wp-content\/uploads\/2019\/05\/drink-3615178_960_720.jpg 960w, https:\/\/www.cercolinfo.it\/wp-content\/uploads\/2019\/05\/drink-3615178_960_720-300x150.jpg 300w, https:\/\/www.cercolinfo.it\/wp-content\/uploads\/2019\/05\/drink-3615178_960_720-768x384.jpg 768w\" sizes=\"(max-width: 960px) 100vw, 960px\" \/><figcaption>champagne in  fl\u00fbte <\/figcaption><\/figure>\n\n\n\n<h4 class=\"wp-block-heading\">Attenti al bicchiere in cui lo servite<\/h4>\n\n\n\n<p>La coppa era lo strumento pi\u00f9 appropriato per sorseggiare lo Champagne dolce, quando gli inglesi imposero il loro gusto dello Champagne secco, si cominci\u00f2 a usare un bicchiere pi\u00f9 stretto. <\/p>\n\n\n\n<p>La fl\u00fbte negli anni \u00e8 stata proposta come bicchiere ideale per lo Champagne<\/p>\n\n\n\n<p>Leggi anche: <a href=\"https:\/\/cercolinfo.it\/index.php\/2019\/04\/18\/il-ricettario-3\/\">https:\/\/cercolinfo.it\/index.php\/2019\/04\/18\/il-ricettario-3\/<\/a><\/p>\n\n\n\n<figure><iframe src=\"https:\/\/rcm-eu.amazon-adsystem.com\/e\/cm?ref=qf_sp_asin_til&amp;t=cercolinfo201-21&amp;m=amazon&amp;o=29&amp;p=8&amp;l=as1&amp;IS1=1&amp;asins=B00XUMFVH2&amp;linkId=fee78262a616b6cb88fafb18f220daf7&amp;bc1=FFFFFF&amp;lt1=_top&amp;fc1=333333&amp;lc1=0066C0&amp;bg1=FFFFFF&amp;f=ifr\"><\/iframe><\/figure>\n","protected":false},"excerpt":{"rendered":"<p>PANNA COTTA IN SALSA DI FICHI E NOCCIOLE Per la presentazione ho preferito utilizzare i barattolini, perch\u00e9 oltre ad essere comodi per la consumazione li trovo decisamente accattivanti e fashion&#8230; <a class=\"read-more\" href=\"https:\/\/www.cercolinfo.it\/index.php\/2019\/05\/02\/il-ricettario-4\/\">[Continua a leggere]<\/a><\/p>\n","protected":false},"author":1,"featured_media":1002,"comment_status":"open","ping_status":"open","sticky":false,"template":"","format":"standard","meta":[],"categories":[16],"tags":[],"yoast_head":"<!-- This site is optimized with the Yoast SEO plugin v20.5 - https:\/\/yoast.com\/wordpress\/plugins\/seo\/ -->\n<title>Il Ricettario - CERCOLINFO<\/title>\n<meta name=\"robots\" content=\"index, follow, max-snippet:-1, max-image-preview:large, max-video-preview:-1\" \/>\n<link rel=\"canonical\" href=\"https:\/\/www.cercolinfo.it\/index.php\/2019\/05\/02\/il-ricettario-4\/\" \/>\n<meta property=\"og:locale\" content=\"it_IT\" \/>\n<meta property=\"og:type\" content=\"article\" \/>\n<meta property=\"og:title\" content=\"Il Ricettario - CERCOLINFO\" \/>\n<meta property=\"og:description\" content=\"PANNA COTTA IN SALSA DI FICHI E NOCCIOLE Per la presentazione ho preferito utilizzare i barattolini, perch\u00e9 oltre ad essere comodi per la consumazione li trovo decisamente accattivanti e fashion... [Continua a leggere]\" \/>\n<meta property=\"og:url\" content=\"https:\/\/www.cercolinfo.it\/index.php\/2019\/05\/02\/il-ricettario-4\/\" \/>\n<meta property=\"og:site_name\" content=\"CERCOLINFO\" \/>\n<meta property=\"article:publisher\" content=\"https:\/\/it-it.facebook.com\/cercolinfo\/\" \/>\n<meta property=\"article:published_time\" content=\"2019-05-02T16:01:38+00:00\" \/>\n<meta property=\"article:modified_time\" content=\"2019-05-02T16:01:41+00:00\" \/>\n<meta property=\"og:image\" content=\"https:\/\/www.cercolinfo.it\/wp-content\/uploads\/2019\/05\/PANNA-COTTA-min.jpg\" \/>\n\t<meta property=\"og:image:width\" content=\"3410\" \/>\n\t<meta property=\"og:image:height\" content=\"2660\" \/>\n\t<meta property=\"og:image:type\" content=\"image\/jpeg\" \/>\n<meta name=\"author\" content=\"admin\" \/>\n<meta name=\"twitter:card\" content=\"summary_large_image\" \/>\n<meta name=\"twitter:label1\" content=\"Scritto da\" \/>\n\t<meta name=\"twitter:data1\" content=\"admin\" \/>\n\t<meta name=\"twitter:label2\" content=\"Tempo di lettura stimato\" \/>\n\t<meta name=\"twitter:data2\" content=\"3 minuti\" \/>\n<script type=\"application\/ld+json\" class=\"yoast-schema-graph\">{\"@context\":\"https:\/\/schema.org\",\"@graph\":[{\"@type\":\"Article\",\"@id\":\"https:\/\/www.cercolinfo.it\/index.php\/2019\/05\/02\/il-ricettario-4\/#article\",\"isPartOf\":{\"@id\":\"https:\/\/www.cercolinfo.it\/index.php\/2019\/05\/02\/il-ricettario-4\/\"},\"author\":{\"name\":\"admin\",\"@id\":\"https:\/\/www.cercolinfo.it\/#\/schema\/person\/9b04219f1b8ff5360f0de12d1283dc15\"},\"headline\":\"Il Ricettario\",\"datePublished\":\"2019-05-02T16:01:38+00:00\",\"dateModified\":\"2019-05-02T16:01:41+00:00\",\"mainEntityOfPage\":{\"@id\":\"https:\/\/www.cercolinfo.it\/index.php\/2019\/05\/02\/il-ricettario-4\/\"},\"wordCount\":633,\"commentCount\":0,\"publisher\":{\"@id\":\"https:\/\/www.cercolinfo.it\/#organization\"},\"articleSection\":[\"Cucina\"],\"inLanguage\":\"it-IT\",\"potentialAction\":[{\"@type\":\"CommentAction\",\"name\":\"Comment\",\"target\":[\"https:\/\/www.cercolinfo.it\/index.php\/2019\/05\/02\/il-ricettario-4\/#respond\"]}]},{\"@type\":\"WebPage\",\"@id\":\"https:\/\/www.cercolinfo.it\/index.php\/2019\/05\/02\/il-ricettario-4\/\",\"url\":\"https:\/\/www.cercolinfo.it\/index.php\/2019\/05\/02\/il-ricettario-4\/\",\"name\":\"Il Ricettario - CERCOLINFO\",\"isPartOf\":{\"@id\":\"https:\/\/www.cercolinfo.it\/#website\"},\"datePublished\":\"2019-05-02T16:01:38+00:00\",\"dateModified\":\"2019-05-02T16:01:41+00:00\",\"breadcrumb\":{\"@id\":\"https:\/\/www.cercolinfo.it\/index.php\/2019\/05\/02\/il-ricettario-4\/#breadcrumb\"},\"inLanguage\":\"it-IT\",\"potentialAction\":[{\"@type\":\"ReadAction\",\"target\":[\"https:\/\/www.cercolinfo.it\/index.php\/2019\/05\/02\/il-ricettario-4\/\"]}]},{\"@type\":\"BreadcrumbList\",\"@id\":\"https:\/\/www.cercolinfo.it\/index.php\/2019\/05\/02\/il-ricettario-4\/#breadcrumb\",\"itemListElement\":[{\"@type\":\"ListItem\",\"position\":1,\"name\":\"Home\",\"item\":\"https:\/\/www.cercolinfo.it\/\"},{\"@type\":\"ListItem\",\"position\":2,\"name\":\"Il Ricettario\"}]},{\"@type\":\"WebSite\",\"@id\":\"https:\/\/www.cercolinfo.it\/#website\",\"url\":\"https:\/\/www.cercolinfo.it\/\",\"name\":\"CERCOLINFO\",\"description\":\"Periodico gratuito d&#039;informazione\",\"publisher\":{\"@id\":\"https:\/\/www.cercolinfo.it\/#organization\"},\"potentialAction\":[{\"@type\":\"SearchAction\",\"target\":{\"@type\":\"EntryPoint\",\"urlTemplate\":\"https:\/\/www.cercolinfo.it\/?s={search_term_string}\"},\"query-input\":\"required name=search_term_string\"}],\"inLanguage\":\"it-IT\"},{\"@type\":\"Organization\",\"@id\":\"https:\/\/www.cercolinfo.it\/#organization\",\"name\":\"Proloco Cercola\",\"url\":\"https:\/\/www.cercolinfo.it\/\",\"logo\":{\"@type\":\"ImageObject\",\"inLanguage\":\"it-IT\",\"@id\":\"https:\/\/www.cercolinfo.it\/#\/schema\/logo\/image\/\",\"url\":\"https:\/\/www.cercolinfo.it\/wp-content\/uploads\/2019\/02\/cropped-CERCOLINFO.png\",\"contentUrl\":\"https:\/\/www.cercolinfo.it\/wp-content\/uploads\/2019\/02\/cropped-CERCOLINFO.png\",\"width\":192,\"height\":53,\"caption\":\"Proloco Cercola\"},\"image\":{\"@id\":\"https:\/\/www.cercolinfo.it\/#\/schema\/logo\/image\/\"},\"sameAs\":[\"https:\/\/it-it.facebook.com\/cercolinfo\/\"]},{\"@type\":\"Person\",\"@id\":\"https:\/\/www.cercolinfo.it\/#\/schema\/person\/9b04219f1b8ff5360f0de12d1283dc15\",\"name\":\"admin\",\"image\":{\"@type\":\"ImageObject\",\"inLanguage\":\"it-IT\",\"@id\":\"https:\/\/www.cercolinfo.it\/#\/schema\/person\/image\/\",\"url\":\"https:\/\/secure.gravatar.com\/avatar\/9da6c62f1a357a43f6c7a7e5a3ac1119?s=96&d=mm&r=g\",\"contentUrl\":\"https:\/\/secure.gravatar.com\/avatar\/9da6c62f1a357a43f6c7a7e5a3ac1119?s=96&d=mm&r=g\",\"caption\":\"admin\"},\"url\":\"https:\/\/www.cercolinfo.it\/index.php\/author\/adituoro_bi9nrhr1\/\"}]}<\/script>\n<!-- \/ Yoast SEO plugin. -->","yoast_head_json":{"title":"Il Ricettario - CERCOLINFO","robots":{"index":"index","follow":"follow","max-snippet":"max-snippet:-1","max-image-preview":"max-image-preview:large","max-video-preview":"max-video-preview:-1"},"canonical":"https:\/\/www.cercolinfo.it\/index.php\/2019\/05\/02\/il-ricettario-4\/","og_locale":"it_IT","og_type":"article","og_title":"Il Ricettario - CERCOLINFO","og_description":"PANNA COTTA IN SALSA DI FICHI E NOCCIOLE Per la presentazione ho preferito utilizzare i barattolini, perch\u00e9 oltre ad essere comodi per la consumazione li trovo decisamente accattivanti e fashion... [Continua a leggere]","og_url":"https:\/\/www.cercolinfo.it\/index.php\/2019\/05\/02\/il-ricettario-4\/","og_site_name":"CERCOLINFO","article_publisher":"https:\/\/it-it.facebook.com\/cercolinfo\/","article_published_time":"2019-05-02T16:01:38+00:00","article_modified_time":"2019-05-02T16:01:41+00:00","og_image":[{"width":3410,"height":2660,"url":"https:\/\/www.cercolinfo.it\/wp-content\/uploads\/2019\/05\/PANNA-COTTA-min.jpg","type":"image\/jpeg"}],"author":"admin","twitter_card":"summary_large_image","twitter_misc":{"Scritto da":"admin","Tempo di lettura stimato":"3 minuti"},"schema":{"@context":"https:\/\/schema.org","@graph":[{"@type":"Article","@id":"https:\/\/www.cercolinfo.it\/index.php\/2019\/05\/02\/il-ricettario-4\/#article","isPartOf":{"@id":"https:\/\/www.cercolinfo.it\/index.php\/2019\/05\/02\/il-ricettario-4\/"},"author":{"name":"admin","@id":"https:\/\/www.cercolinfo.it\/#\/schema\/person\/9b04219f1b8ff5360f0de12d1283dc15"},"headline":"Il Ricettario","datePublished":"2019-05-02T16:01:38+00:00","dateModified":"2019-05-02T16:01:41+00:00","mainEntityOfPage":{"@id":"https:\/\/www.cercolinfo.it\/index.php\/2019\/05\/02\/il-ricettario-4\/"},"wordCount":633,"commentCount":0,"publisher":{"@id":"https:\/\/www.cercolinfo.it\/#organization"},"articleSection":["Cucina"],"inLanguage":"it-IT","potentialAction":[{"@type":"CommentAction","name":"Comment","target":["https:\/\/www.cercolinfo.it\/index.php\/2019\/05\/02\/il-ricettario-4\/#respond"]}]},{"@type":"WebPage","@id":"https:\/\/www.cercolinfo.it\/index.php\/2019\/05\/02\/il-ricettario-4\/","url":"https:\/\/www.cercolinfo.it\/index.php\/2019\/05\/02\/il-ricettario-4\/","name":"Il Ricettario - CERCOLINFO","isPartOf":{"@id":"https:\/\/www.cercolinfo.it\/#website"},"datePublished":"2019-05-02T16:01:38+00:00","dateModified":"2019-05-02T16:01:41+00:00","breadcrumb":{"@id":"https:\/\/www.cercolinfo.it\/index.php\/2019\/05\/02\/il-ricettario-4\/#breadcrumb"},"inLanguage":"it-IT","potentialAction":[{"@type":"ReadAction","target":["https:\/\/www.cercolinfo.it\/index.php\/2019\/05\/02\/il-ricettario-4\/"]}]},{"@type":"BreadcrumbList","@id":"https:\/\/www.cercolinfo.it\/index.php\/2019\/05\/02\/il-ricettario-4\/#breadcrumb","itemListElement":[{"@type":"ListItem","position":1,"name":"Home","item":"https:\/\/www.cercolinfo.it\/"},{"@type":"ListItem","position":2,"name":"Il Ricettario"}]},{"@type":"WebSite","@id":"https:\/\/www.cercolinfo.it\/#website","url":"https:\/\/www.cercolinfo.it\/","name":"CERCOLINFO","description":"Periodico gratuito d&#039;informazione","publisher":{"@id":"https:\/\/www.cercolinfo.it\/#organization"},"potentialAction":[{"@type":"SearchAction","target":{"@type":"EntryPoint","urlTemplate":"https:\/\/www.cercolinfo.it\/?s={search_term_string}"},"query-input":"required name=search_term_string"}],"inLanguage":"it-IT"},{"@type":"Organization","@id":"https:\/\/www.cercolinfo.it\/#organization","name":"Proloco Cercola","url":"https:\/\/www.cercolinfo.it\/","logo":{"@type":"ImageObject","inLanguage":"it-IT","@id":"https:\/\/www.cercolinfo.it\/#\/schema\/logo\/image\/","url":"https:\/\/www.cercolinfo.it\/wp-content\/uploads\/2019\/02\/cropped-CERCOLINFO.png","contentUrl":"https:\/\/www.cercolinfo.it\/wp-content\/uploads\/2019\/02\/cropped-CERCOLINFO.png","width":192,"height":53,"caption":"Proloco Cercola"},"image":{"@id":"https:\/\/www.cercolinfo.it\/#\/schema\/logo\/image\/"},"sameAs":["https:\/\/it-it.facebook.com\/cercolinfo\/"]},{"@type":"Person","@id":"https:\/\/www.cercolinfo.it\/#\/schema\/person\/9b04219f1b8ff5360f0de12d1283dc15","name":"admin","image":{"@type":"ImageObject","inLanguage":"it-IT","@id":"https:\/\/www.cercolinfo.it\/#\/schema\/person\/image\/","url":"https:\/\/secure.gravatar.com\/avatar\/9da6c62f1a357a43f6c7a7e5a3ac1119?s=96&d=mm&r=g","contentUrl":"https:\/\/secure.gravatar.com\/avatar\/9da6c62f1a357a43f6c7a7e5a3ac1119?s=96&d=mm&r=g","caption":"admin"},"url":"https:\/\/www.cercolinfo.it\/index.php\/author\/adituoro_bi9nrhr1\/"}]}},"_links":{"self":[{"href":"https:\/\/www.cercolinfo.it\/index.php\/wp-json\/wp\/v2\/posts\/1001"}],"collection":[{"href":"https:\/\/www.cercolinfo.it\/index.php\/wp-json\/wp\/v2\/posts"}],"about":[{"href":"https:\/\/www.cercolinfo.it\/index.php\/wp-json\/wp\/v2\/types\/post"}],"author":[{"embeddable":true,"href":"https:\/\/www.cercolinfo.it\/index.php\/wp-json\/wp\/v2\/users\/1"}],"replies":[{"embeddable":true,"href":"https:\/\/www.cercolinfo.it\/index.php\/wp-json\/wp\/v2\/comments?post=1001"}],"version-history":[{"count":0,"href":"https:\/\/www.cercolinfo.it\/index.php\/wp-json\/wp\/v2\/posts\/1001\/revisions"}],"wp:featuredmedia":[{"embeddable":true,"href":"https:\/\/www.cercolinfo.it\/index.php\/wp-json\/wp\/v2\/media\/1002"}],"wp:attachment":[{"href":"https:\/\/www.cercolinfo.it\/index.php\/wp-json\/wp\/v2\/media?parent=1001"}],"wp:term":[{"taxonomy":"category","embeddable":true,"href":"https:\/\/www.cercolinfo.it\/index.php\/wp-json\/wp\/v2\/categories?post=1001"},{"taxonomy":"post_tag","embeddable":true,"href":"https:\/\/www.cercolinfo.it\/index.php\/wp-json\/wp\/v2\/tags?post=1001"}],"curies":[{"name":"wp","href":"https:\/\/api.w.org\/{rel}","templated":true}]}}