{"id":3161,"date":"2019-09-12T11:34:34","date_gmt":"2019-09-12T11:34:34","guid":{"rendered":"https:\/\/cercolinfo.it\/?p=3161"},"modified":"2019-09-12T16:08:14","modified_gmt":"2019-09-12T16:08:14","slug":"30-sagra-del-miele","status":"publish","type":"post","link":"https:\/\/www.cercolinfo.it\/index.php\/2019\/09\/12\/30-sagra-del-miele\/","title":{"rendered":"30\u00b0 Sagra del Miele"},"content":{"rendered":"\n<p>\u201cNon una festa di piazza ma una piazza in festa\u201d, \u00e8 la frase che accompagna le ultime edizioni di un evento che rispecchia la volont\u00e0 di <strong>Padre Luigi Monaco<\/strong>, frate cappuccino che, insieme ad un gruppo di ragazzi, la giovent\u00f9 francescana, nel lontano 1989, pens\u00f2 di creare la \u201c<strong>Sagra del Miele<\/strong>\u201d. <\/p>\n\n\n\n<p>Un evento che potesse unire la popolazione cercolese. \u00c8 da qui che ancora oggi parte la volont\u00e0 di mettersi in gioco e di continuare nell\u2019impegno a portare avanti quell\u2019idea di unione e fraternit\u00e0. <\/p>\n\n\n\n<p>La scelta del miele come prodotto principale va ricercata nell\u2019origine, \u00e8 un prodotto naturale e prodotto alle pendici del Vesuvio e nel territorio campano. <\/p>\n\n\n\n<h4 class=\"wp-block-heading\">Uniti nella nostra DiversUnicit\u00e0<\/h4>\n\n\n\n<p>Quest\u2019anno la 30a sagra del miele, dal tema \u201c<strong>Uniti nella nostra DiversUnicit\u00e0<\/strong>\u201d.<\/p>\n\n\n\n<figure class=\"wp-block-image alignwide\"><img decoding=\"async\" loading=\"lazy\" width=\"717\" height=\"1024\" src=\"https:\/\/cercolinfo.it\/wp-content\/uploads\/2019\/09\/IMG-20190912-WA0015-717x1024.jpg\" alt=\"\" class=\"wp-image-3164\" srcset=\"https:\/\/www.cercolinfo.it\/wp-content\/uploads\/2019\/09\/IMG-20190912-WA0015-717x1024.jpg 717w, https:\/\/www.cercolinfo.it\/wp-content\/uploads\/2019\/09\/IMG-20190912-WA0015-210x300.jpg 210w, https:\/\/www.cercolinfo.it\/wp-content\/uploads\/2019\/09\/IMG-20190912-WA0015-768x1097.jpg 768w, https:\/\/www.cercolinfo.it\/wp-content\/uploads\/2019\/09\/IMG-20190912-WA0015.jpg 1034w\" sizes=\"(max-width: 717px) 100vw, 717px\" \/><\/figure>\n\n\n\n<p>&nbsp;Si aprir\u00e0 <strong>Venerd\u00ec 13 <\/strong>con una marcia, che coinvolger\u00e0 diverse realt\u00e0 che operano sul territorio, che partir\u00e0 da Piazza Municipio, luogo storico che ha accolto le primissime edizioni della sagra, e terminer\u00e0 nel <strong>Piazzale dei Platani<\/strong>, dove ormai negli ultimi anni si sta svolgendo.  <\/p>\n\n\n\n<p>La serata si svolger\u00e0 con alcune testimonianze e una sorpresa culinaria che sar\u00e0 offerta a tutti i presenti. <\/p>\n\n\n\n<p>Si continuer\u00e0 poi nelle serate di <strong>Sabato 14 e Domenica 15 <\/strong>con l\u2019apertura di tutti gli stand, da quello che da il&nbsp;nome alla sagra, ovvero il miele con i diversi prodotti da esso derivati a quelli culinari che daranno la possibilit\u00e0 di gustare panini, pizze, frittura e specialit\u00e0 di quest\u2019anno, il \u201ccuzzitiello\u201d ripieno di polpette.<\/p>\n\n\n\n<p>Sar\u00e0 presente anche uno&nbsp;stand informativo che dar\u00e0 una panoramica della storia della sagra negli ultimi trenta anni. <\/p>\n\n\n\n<p>Il tutto sar\u00e0 accompagnato dalla presenza di diversi ospiti, tra i quali ci sar\u00e0 come special guest \u201c<strong>La Maschera<\/strong>\u201d, gruppo musicale folk napoletano conosciuto non solo sul territorio campano. <\/p>\n\n\n\n<p>A terminare la serata di domenica ci sar\u00e0 la consueta estrazione della lotteria, con i biglietti acquistabili sia prima che durante tutto il corso della sagra. <\/p>\n\n\n\n<p>L\u2019intero ricavato delle serate della sagra sar\u00e0 poi utilizzato per finanziare le attivit\u00e0 e i progetti che di anno in anno la fraternit\u00e0 abbraccia, come quelli dell\u2019ultimo anno, \u201c<strong>Una mano per un Sorriso<\/strong>\u201d e \u201c<strong>Fratello immigrato<\/strong>\u201d e la stessa <strong>Caritas parrocchiale<\/strong>.<\/p>\n\n\n\n<div class=\"wp-block-image\"><figure class=\"alignleft\"><img decoding=\"async\" loading=\"lazy\" width=\"1024\" height=\"684\" src=\"https:\/\/cercolinfo.it\/wp-content\/uploads\/2019\/09\/IMG-20190912-WA0014-1024x684.jpg\" alt=\"\" class=\"wp-image-3163\" srcset=\"https:\/\/www.cercolinfo.it\/wp-content\/uploads\/2019\/09\/IMG-20190912-WA0014-1024x684.jpg 1024w, https:\/\/www.cercolinfo.it\/wp-content\/uploads\/2019\/09\/IMG-20190912-WA0014-300x200.jpg 300w, https:\/\/www.cercolinfo.it\/wp-content\/uploads\/2019\/09\/IMG-20190912-WA0014-768x513.jpg 768w, https:\/\/www.cercolinfo.it\/wp-content\/uploads\/2019\/09\/IMG-20190912-WA0014.jpg 1438w\" sizes=\"(max-width: 1024px) 100vw, 1024px\" \/><figcaption>Gruppo ofs-gifra<\/figcaption><\/figure><\/div>\n\n\n\n<p>Vi aspettiamo numerosi per condividere con noi questo momento tanto atteso dalla popolazione cercolese, divenuto punto di riferimento per il panorama culturale dopo il periodo delle vacanze estive<\/p>\n\n\n\n<p>Articolo a cura di Mattia De Luca Bossa<\/p>\n\n\n\n<h4 class=\"wp-block-heading\">Leggi anche:<\/h4>\n\n\n\n<figure class=\"wp-block-embed-wordpress wp-block-embed is-type-wp-embed is-provider-cercolinfo\"><div class=\"wp-block-embed__wrapper\">\n<blockquote class=\"wp-embedded-content\" data-secret=\"GCjlRSbBWG\"><a href=\"https:\/\/cercolinfo.it\/index.php\/2019\/09\/11\/la-nuova-moda-e-sostenibile\/\">La nuova moda \u00e8 sostenibile<\/a><\/blockquote><iframe title=\"&#8220;La nuova moda \u00e8 sostenibile&#8221; &#8212; CERCOLINFO\" class=\"wp-embedded-content\" sandbox=\"allow-scripts\" security=\"restricted\" style=\"position: absolute; clip: rect(1px, 1px, 1px, 1px);\" src=\"https:\/\/cercolinfo.it\/index.php\/2019\/09\/11\/la-nuova-moda-e-sostenibile\/embed\/#?secret=GCjlRSbBWG\" data-secret=\"GCjlRSbBWG\" width=\"600\" height=\"338\" frameborder=\"0\" marginwidth=\"0\" marginheight=\"0\" scrolling=\"no\"><\/iframe>\n<\/div><\/figure>\n\n\n\n<p>Leggi anche: <a href=\"https:\/\/cercolinfo.it\/index.php\/2019\/09\/11\/la-nuova-moda-e-sostenibile\/\">https:\/\/cercolinfo.it\/index.php\/2019\/09\/11\/la-nuova-moda-e-sostenibile\/<\/a><\/p>\n","protected":false},"excerpt":{"rendered":"<p>\u201cNon una festa di piazza ma una piazza in festa\u201d, \u00e8 la frase che accompagna le ultime edizioni di un evento che rispecchia la volont\u00e0 di Padre Luigi Monaco, frate&#8230; <a class=\"read-more\" href=\"https:\/\/www.cercolinfo.it\/index.php\/2019\/09\/12\/30-sagra-del-miele\/\">[Continua a leggere]<\/a><\/p>\n","protected":false},"author":1,"featured_media":3166,"comment_status":"open","ping_status":"open","sticky":false,"template":"","format":"standard","meta":[],"categories":[248],"tags":[1043,1041,1039,1044,1035,1045,1037,464,30,28],"yoast_head":"<!-- This site is optimized with the Yoast SEO plugin v20.5 - https:\/\/yoast.com\/wordpress\/plugins\/seo\/ -->\n<title>30\u00b0 Sagra del Miele - CERCOLINFO<\/title>\n<meta name=\"description\" content=\"Anche quest\u2019anno la 30a Sagra del miele,che si svolger\u00e0 dal 13 al 15 Settembre dal tema \u201cUniti nella nostra DiversUnicit\u00e0.\" \/>\n<meta name=\"robots\" content=\"index, follow, max-snippet:-1, max-image-preview:large, max-video-preview:-1\" \/>\n<link rel=\"canonical\" href=\"https:\/\/www.cercolinfo.it\/index.php\/2019\/09\/12\/30-sagra-del-miele\/\" \/>\n<meta property=\"og:locale\" content=\"it_IT\" \/>\n<meta property=\"og:type\" content=\"article\" \/>\n<meta property=\"og:title\" content=\"30\u00b0 Sagra del Miele - CERCOLINFO\" \/>\n<meta property=\"og:description\" content=\"Anche quest\u2019anno la 30a Sagra del miele,che si svolger\u00e0 dal 13 al 15 Settembre dal tema \u201cUniti nella nostra DiversUnicit\u00e0.\" \/>\n<meta property=\"og:url\" content=\"https:\/\/www.cercolinfo.it\/index.php\/2019\/09\/12\/30-sagra-del-miele\/\" \/>\n<meta property=\"og:site_name\" content=\"CERCOLINFO\" \/>\n<meta property=\"article:publisher\" content=\"https:\/\/it-it.facebook.com\/cercolinfo\/\" \/>\n<meta property=\"article:published_time\" content=\"2019-09-12T11:34:34+00:00\" \/>\n<meta property=\"article:modified_time\" content=\"2019-09-12T16:08:14+00:00\" \/>\n<meta property=\"og:image\" content=\"https:\/\/www.cercolinfo.it\/wp-content\/uploads\/2019\/09\/sagra.jpg\" \/>\n\t<meta property=\"og:image:width\" content=\"1031\" \/>\n\t<meta property=\"og:image:height\" content=\"523\" \/>\n\t<meta property=\"og:image:type\" content=\"image\/jpeg\" \/>\n<meta name=\"author\" content=\"admin\" \/>\n<meta name=\"twitter:card\" content=\"summary_large_image\" \/>\n<meta name=\"twitter:label1\" content=\"Scritto da\" \/>\n\t<meta name=\"twitter:data1\" content=\"admin\" \/>\n\t<meta name=\"twitter:label2\" content=\"Tempo di lettura stimato\" \/>\n\t<meta name=\"twitter:data2\" content=\"2 minuti\" \/>\n<script type=\"application\/ld+json\" class=\"yoast-schema-graph\">{\"@context\":\"https:\/\/schema.org\",\"@graph\":[{\"@type\":\"Article\",\"@id\":\"https:\/\/www.cercolinfo.it\/index.php\/2019\/09\/12\/30-sagra-del-miele\/#article\",\"isPartOf\":{\"@id\":\"https:\/\/www.cercolinfo.it\/index.php\/2019\/09\/12\/30-sagra-del-miele\/\"},\"author\":{\"name\":\"admin\",\"@id\":\"https:\/\/www.cercolinfo.it\/#\/schema\/person\/9b04219f1b8ff5360f0de12d1283dc15\"},\"headline\":\"30\u00b0 Sagra del Miele\",\"datePublished\":\"2019-09-12T11:34:34+00:00\",\"dateModified\":\"2019-09-12T16:08:14+00:00\",\"mainEntityOfPage\":{\"@id\":\"https:\/\/www.cercolinfo.it\/index.php\/2019\/09\/12\/30-sagra-del-miele\/\"},\"wordCount\":417,\"commentCount\":0,\"publisher\":{\"@id\":\"https:\/\/www.cercolinfo.it\/#organization\"},\"keywords\":[\"#gifra\",\"#gruppomusicalelamaschera\",\"#lamaschera\",\"#ofs\",\"#sagra del miele\",\"#sagra del miele cercola\",\"#sagradelmiele\",\"cercola\",\"gruppo musicale la maschera\",\"la maschera\"],\"articleSection\":[\"Cercola news\"],\"inLanguage\":\"it-IT\",\"potentialAction\":[{\"@type\":\"CommentAction\",\"name\":\"Comment\",\"target\":[\"https:\/\/www.cercolinfo.it\/index.php\/2019\/09\/12\/30-sagra-del-miele\/#respond\"]}]},{\"@type\":\"WebPage\",\"@id\":\"https:\/\/www.cercolinfo.it\/index.php\/2019\/09\/12\/30-sagra-del-miele\/\",\"url\":\"https:\/\/www.cercolinfo.it\/index.php\/2019\/09\/12\/30-sagra-del-miele\/\",\"name\":\"30\u00b0 Sagra del Miele - CERCOLINFO\",\"isPartOf\":{\"@id\":\"https:\/\/www.cercolinfo.it\/#website\"},\"datePublished\":\"2019-09-12T11:34:34+00:00\",\"dateModified\":\"2019-09-12T16:08:14+00:00\",\"description\":\"Anche quest\u2019anno la 30a Sagra del miele,che si svolger\u00e0 dal 13 al 15 Settembre dal tema \u201cUniti nella nostra DiversUnicit\u00e0.\",\"breadcrumb\":{\"@id\":\"https:\/\/www.cercolinfo.it\/index.php\/2019\/09\/12\/30-sagra-del-miele\/#breadcrumb\"},\"inLanguage\":\"it-IT\",\"potentialAction\":[{\"@type\":\"ReadAction\",\"target\":[\"https:\/\/www.cercolinfo.it\/index.php\/2019\/09\/12\/30-sagra-del-miele\/\"]}]},{\"@type\":\"BreadcrumbList\",\"@id\":\"https:\/\/www.cercolinfo.it\/index.php\/2019\/09\/12\/30-sagra-del-miele\/#breadcrumb\",\"itemListElement\":[{\"@type\":\"ListItem\",\"position\":1,\"name\":\"Home\",\"item\":\"https:\/\/www.cercolinfo.it\/\"},{\"@type\":\"ListItem\",\"position\":2,\"name\":\"30\u00b0 Sagra del Miele\"}]},{\"@type\":\"WebSite\",\"@id\":\"https:\/\/www.cercolinfo.it\/#website\",\"url\":\"https:\/\/www.cercolinfo.it\/\",\"name\":\"CERCOLINFO\",\"description\":\"Periodico gratuito d&#039;informazione\",\"publisher\":{\"@id\":\"https:\/\/www.cercolinfo.it\/#organization\"},\"potentialAction\":[{\"@type\":\"SearchAction\",\"target\":{\"@type\":\"EntryPoint\",\"urlTemplate\":\"https:\/\/www.cercolinfo.it\/?s={search_term_string}\"},\"query-input\":\"required name=search_term_string\"}],\"inLanguage\":\"it-IT\"},{\"@type\":\"Organization\",\"@id\":\"https:\/\/www.cercolinfo.it\/#organization\",\"name\":\"Proloco Cercola\",\"url\":\"https:\/\/www.cercolinfo.it\/\",\"logo\":{\"@type\":\"ImageObject\",\"inLanguage\":\"it-IT\",\"@id\":\"https:\/\/www.cercolinfo.it\/#\/schema\/logo\/image\/\",\"url\":\"https:\/\/www.cercolinfo.it\/wp-content\/uploads\/2019\/02\/cropped-CERCOLINFO.png\",\"contentUrl\":\"https:\/\/www.cercolinfo.it\/wp-content\/uploads\/2019\/02\/cropped-CERCOLINFO.png\",\"width\":192,\"height\":53,\"caption\":\"Proloco Cercola\"},\"image\":{\"@id\":\"https:\/\/www.cercolinfo.it\/#\/schema\/logo\/image\/\"},\"sameAs\":[\"https:\/\/it-it.facebook.com\/cercolinfo\/\"]},{\"@type\":\"Person\",\"@id\":\"https:\/\/www.cercolinfo.it\/#\/schema\/person\/9b04219f1b8ff5360f0de12d1283dc15\",\"name\":\"admin\",\"image\":{\"@type\":\"ImageObject\",\"inLanguage\":\"it-IT\",\"@id\":\"https:\/\/www.cercolinfo.it\/#\/schema\/person\/image\/\",\"url\":\"https:\/\/secure.gravatar.com\/avatar\/9da6c62f1a357a43f6c7a7e5a3ac1119?s=96&d=mm&r=g\",\"contentUrl\":\"https:\/\/secure.gravatar.com\/avatar\/9da6c62f1a357a43f6c7a7e5a3ac1119?s=96&d=mm&r=g\",\"caption\":\"admin\"},\"url\":\"https:\/\/www.cercolinfo.it\/index.php\/author\/adituoro_bi9nrhr1\/\"}]}<\/script>\n<!-- \/ Yoast SEO plugin. -->","yoast_head_json":{"title":"30\u00b0 Sagra del Miele - CERCOLINFO","description":"Anche quest\u2019anno la 30a Sagra del miele,che si svolger\u00e0 dal 13 al 15 Settembre dal tema \u201cUniti nella nostra DiversUnicit\u00e0.","robots":{"index":"index","follow":"follow","max-snippet":"max-snippet:-1","max-image-preview":"max-image-preview:large","max-video-preview":"max-video-preview:-1"},"canonical":"https:\/\/www.cercolinfo.it\/index.php\/2019\/09\/12\/30-sagra-del-miele\/","og_locale":"it_IT","og_type":"article","og_title":"30\u00b0 Sagra del Miele - CERCOLINFO","og_description":"Anche quest\u2019anno la 30a Sagra del miele,che si svolger\u00e0 dal 13 al 15 Settembre dal tema \u201cUniti nella nostra DiversUnicit\u00e0.","og_url":"https:\/\/www.cercolinfo.it\/index.php\/2019\/09\/12\/30-sagra-del-miele\/","og_site_name":"CERCOLINFO","article_publisher":"https:\/\/it-it.facebook.com\/cercolinfo\/","article_published_time":"2019-09-12T11:34:34+00:00","article_modified_time":"2019-09-12T16:08:14+00:00","og_image":[{"width":1031,"height":523,"url":"https:\/\/www.cercolinfo.it\/wp-content\/uploads\/2019\/09\/sagra.jpg","type":"image\/jpeg"}],"author":"admin","twitter_card":"summary_large_image","twitter_misc":{"Scritto da":"admin","Tempo di lettura stimato":"2 minuti"},"schema":{"@context":"https:\/\/schema.org","@graph":[{"@type":"Article","@id":"https:\/\/www.cercolinfo.it\/index.php\/2019\/09\/12\/30-sagra-del-miele\/#article","isPartOf":{"@id":"https:\/\/www.cercolinfo.it\/index.php\/2019\/09\/12\/30-sagra-del-miele\/"},"author":{"name":"admin","@id":"https:\/\/www.cercolinfo.it\/#\/schema\/person\/9b04219f1b8ff5360f0de12d1283dc15"},"headline":"30\u00b0 Sagra del Miele","datePublished":"2019-09-12T11:34:34+00:00","dateModified":"2019-09-12T16:08:14+00:00","mainEntityOfPage":{"@id":"https:\/\/www.cercolinfo.it\/index.php\/2019\/09\/12\/30-sagra-del-miele\/"},"wordCount":417,"commentCount":0,"publisher":{"@id":"https:\/\/www.cercolinfo.it\/#organization"},"keywords":["#gifra","#gruppomusicalelamaschera","#lamaschera","#ofs","#sagra del miele","#sagra del miele cercola","#sagradelmiele","cercola","gruppo musicale la maschera","la maschera"],"articleSection":["Cercola news"],"inLanguage":"it-IT","potentialAction":[{"@type":"CommentAction","name":"Comment","target":["https:\/\/www.cercolinfo.it\/index.php\/2019\/09\/12\/30-sagra-del-miele\/#respond"]}]},{"@type":"WebPage","@id":"https:\/\/www.cercolinfo.it\/index.php\/2019\/09\/12\/30-sagra-del-miele\/","url":"https:\/\/www.cercolinfo.it\/index.php\/2019\/09\/12\/30-sagra-del-miele\/","name":"30\u00b0 Sagra del Miele - CERCOLINFO","isPartOf":{"@id":"https:\/\/www.cercolinfo.it\/#website"},"datePublished":"2019-09-12T11:34:34+00:00","dateModified":"2019-09-12T16:08:14+00:00","description":"Anche quest\u2019anno la 30a Sagra del miele,che si svolger\u00e0 dal 13 al 15 Settembre dal tema \u201cUniti nella nostra DiversUnicit\u00e0.","breadcrumb":{"@id":"https:\/\/www.cercolinfo.it\/index.php\/2019\/09\/12\/30-sagra-del-miele\/#breadcrumb"},"inLanguage":"it-IT","potentialAction":[{"@type":"ReadAction","target":["https:\/\/www.cercolinfo.it\/index.php\/2019\/09\/12\/30-sagra-del-miele\/"]}]},{"@type":"BreadcrumbList","@id":"https:\/\/www.cercolinfo.it\/index.php\/2019\/09\/12\/30-sagra-del-miele\/#breadcrumb","itemListElement":[{"@type":"ListItem","position":1,"name":"Home","item":"https:\/\/www.cercolinfo.it\/"},{"@type":"ListItem","position":2,"name":"30\u00b0 Sagra del Miele"}]},{"@type":"WebSite","@id":"https:\/\/www.cercolinfo.it\/#website","url":"https:\/\/www.cercolinfo.it\/","name":"CERCOLINFO","description":"Periodico gratuito d&#039;informazione","publisher":{"@id":"https:\/\/www.cercolinfo.it\/#organization"},"potentialAction":[{"@type":"SearchAction","target":{"@type":"EntryPoint","urlTemplate":"https:\/\/www.cercolinfo.it\/?s={search_term_string}"},"query-input":"required name=search_term_string"}],"inLanguage":"it-IT"},{"@type":"Organization","@id":"https:\/\/www.cercolinfo.it\/#organization","name":"Proloco Cercola","url":"https:\/\/www.cercolinfo.it\/","logo":{"@type":"ImageObject","inLanguage":"it-IT","@id":"https:\/\/www.cercolinfo.it\/#\/schema\/logo\/image\/","url":"https:\/\/www.cercolinfo.it\/wp-content\/uploads\/2019\/02\/cropped-CERCOLINFO.png","contentUrl":"https:\/\/www.cercolinfo.it\/wp-content\/uploads\/2019\/02\/cropped-CERCOLINFO.png","width":192,"height":53,"caption":"Proloco Cercola"},"image":{"@id":"https:\/\/www.cercolinfo.it\/#\/schema\/logo\/image\/"},"sameAs":["https:\/\/it-it.facebook.com\/cercolinfo\/"]},{"@type":"Person","@id":"https:\/\/www.cercolinfo.it\/#\/schema\/person\/9b04219f1b8ff5360f0de12d1283dc15","name":"admin","image":{"@type":"ImageObject","inLanguage":"it-IT","@id":"https:\/\/www.cercolinfo.it\/#\/schema\/person\/image\/","url":"https:\/\/secure.gravatar.com\/avatar\/9da6c62f1a357a43f6c7a7e5a3ac1119?s=96&d=mm&r=g","contentUrl":"https:\/\/secure.gravatar.com\/avatar\/9da6c62f1a357a43f6c7a7e5a3ac1119?s=96&d=mm&r=g","caption":"admin"},"url":"https:\/\/www.cercolinfo.it\/index.php\/author\/adituoro_bi9nrhr1\/"}]}},"_links":{"self":[{"href":"https:\/\/www.cercolinfo.it\/index.php\/wp-json\/wp\/v2\/posts\/3161"}],"collection":[{"href":"https:\/\/www.cercolinfo.it\/index.php\/wp-json\/wp\/v2\/posts"}],"about":[{"href":"https:\/\/www.cercolinfo.it\/index.php\/wp-json\/wp\/v2\/types\/post"}],"author":[{"embeddable":true,"href":"https:\/\/www.cercolinfo.it\/index.php\/wp-json\/wp\/v2\/users\/1"}],"replies":[{"embeddable":true,"href":"https:\/\/www.cercolinfo.it\/index.php\/wp-json\/wp\/v2\/comments?post=3161"}],"version-history":[{"count":0,"href":"https:\/\/www.cercolinfo.it\/index.php\/wp-json\/wp\/v2\/posts\/3161\/revisions"}],"wp:featuredmedia":[{"embeddable":true,"href":"https:\/\/www.cercolinfo.it\/index.php\/wp-json\/wp\/v2\/media\/3166"}],"wp:attachment":[{"href":"https:\/\/www.cercolinfo.it\/index.php\/wp-json\/wp\/v2\/media?parent=3161"}],"wp:term":[{"taxonomy":"category","embeddable":true,"href":"https:\/\/www.cercolinfo.it\/index.php\/wp-json\/wp\/v2\/categories?post=3161"},{"taxonomy":"post_tag","embeddable":true,"href":"https:\/\/www.cercolinfo.it\/index.php\/wp-json\/wp\/v2\/tags?post=3161"}],"curies":[{"name":"wp","href":"https:\/\/api.w.org\/{rel}","templated":true}]}}