{"id":3407,"date":"2019-09-28T12:53:03","date_gmt":"2019-09-28T12:53:03","guid":{"rendered":"https:\/\/cercolinfo.it\/?p=3407"},"modified":"2019-09-28T12:53:05","modified_gmt":"2019-09-28T12:53:05","slug":"frozen-ii-il-segreto-di-arendelle","status":"publish","type":"post","link":"https:\/\/www.cercolinfo.it\/index.php\/2019\/09\/28\/frozen-ii-il-segreto-di-arendelle\/","title":{"rendered":"FROZEN II: IL SEGRETO DI ARENDELLE"},"content":{"rendered":"\n<p>Ricordate le bellissime e coraggiose Anna ed Elsa? Ebbene le due sorelle, principesse di&nbsp;<strong>Arendelle<\/strong>, tornano al cinema ad allietare grandi e piccini per preparci al periodo natalizio con la magia di cui solo la&nbsp;<strong>Disney<\/strong>&nbsp;\u00e8 capace!&nbsp;<\/p>\n\n\n\n<h4 class=\"wp-block-heading\"><strong>Trailer Film<\/strong><\/h4>\n\n\n<figure class=\"wp-block-embed wp-block-embed-youtube is-type-video is-provider-youtube epyt-figure\"><div class=\"wp-block-embed__wrapper\"><iframe loading=\"lazy\"  id=\"_ytid_25668\"  width=\"640\" height=\"360\"  data-origwidth=\"640\" data-origheight=\"360\" src=\"https:\/\/www.youtube.com\/embed\/bwzLiQZDw2I?enablejsapi=1&#038;autoplay=0&#038;cc_load_policy=0&#038;cc_lang_pref=&#038;iv_load_policy=1&#038;loop=0&#038;modestbranding=0&#038;rel=1&#038;fs=1&#038;playsinline=0&#038;autohide=2&#038;theme=dark&#038;color=red&#038;controls=1&#038;\" class=\"__youtube_prefs__  no-lazyload\" title=\"YouTube player\"  allow=\"accelerometer; autoplay; clipboard-write; encrypted-media; gyroscope; picture-in-picture\" allowfullscreen data-no-lazy=\"1\" data-skipgform_ajax_framebjll=\"\"><\/iframe><\/div><\/figure>\n\n\n<p>Dal&nbsp;<strong>27 novembre<\/strong>, infatti, potremo vedere al cinema il secondo&nbsp;film dedicato alle avventure di&nbsp;<strong>Anna, Elsa, Olaf, Sven e Kristoff<\/strong> ai quali si aggiungeranno tanti nuovi personaggi&nbsp;<strong>divertenti<\/strong>, misteriosi e dolcissimi.<\/p>\n\n\n\n<p>Il&nbsp;cast e il team creativo&nbsp;sar\u00e0 lo stesso&nbsp;del primo capitolo&nbsp;(<strong>Frozen: il regno di ghiaccio<\/strong>)&nbsp;inclusi i registi&nbsp;<strong>Chris Buck e Jennifer Lee<\/strong>.<\/p>\n\n\n\n<p>Il primo film del&nbsp;<strong>2013<\/strong>,&nbsp;\u00e8 stato vincitore di due premi Oscar&nbsp;(miglior film d\u2019animazione e miglior canzone per Let it go)&nbsp;ed \u00e8 stato campione d\u2019incassi dei film d\u2019animazione.<\/p>\n\n\n\n<figure class=\"wp-block-image alignfull\"><img decoding=\"async\" loading=\"lazy\" width=\"473\" height=\"709\" src=\"https:\/\/cercolinfo.it\/wp-content\/uploads\/2019\/09\/1-2.jpg\" alt=\"\" class=\"wp-image-3415\" srcset=\"https:\/\/www.cercolinfo.it\/wp-content\/uploads\/2019\/09\/1-2.jpg 473w, https:\/\/www.cercolinfo.it\/wp-content\/uploads\/2019\/09\/1-2-200x300.jpg 200w\" sizes=\"(max-width: 473px) 100vw, 473px\" \/><figcaption>(Fonte immagine: eroposters.it)<\/figcaption><\/figure>\n\n\n\n<h4 class=\"wp-block-heading\"><strong>Piccolo Spoiler <\/strong><\/h4>\n\n\n\n<p>Grazie al trailer \u00e8 possibile sbirciare una piccola anteprima di coloro che incontreremo e dei pasticci in cui le due sorelle si cacceranno questa volta! Ripercorreremo le tappe della loro crescita ed esploreremo i teneri&nbsp;<strong>ricordi<\/strong>&nbsp;a cui sono legate Anna ed Elsa.<\/p>\n\n\n\n<figure class=\"wp-block-image alignwide\"><img decoding=\"async\" loading=\"lazy\" width=\"600\" height=\"299\" src=\"https:\/\/cercolinfo.it\/wp-content\/uploads\/2019\/09\/2-2.jpg\" alt=\"\" class=\"wp-image-3416\" srcset=\"https:\/\/www.cercolinfo.it\/wp-content\/uploads\/2019\/09\/2-2.jpg 600w, https:\/\/www.cercolinfo.it\/wp-content\/uploads\/2019\/09\/2-2-300x150.jpg 300w\" sizes=\"(max-width: 600px) 100vw, 600px\" \/><figcaption>(Fonte immagine: cinemablend.com)<\/figcaption><\/figure>\n\n\n\n<p>In particolare, ci sar\u00e0 un nuovo personaggio del regno animale che ha gi\u00e0 conquistato i cuori di tutti e che \u00e8 possibile vedere nel trailer mentre \u201cassaggia\u201d dei piccoli fiocchi di neve!<\/p>\n\n\n\n<p>Si tratta di una salamandra baby, dal nome&nbsp;<strong>Bruni<\/strong>&nbsp;e non c\u2019\u00e8 dubbio che i vostri bambini se ne innamoreranno, perci\u00f2 preparatevi all\u2019acquisto del personaggio in versione peluche, c\u2019\u00e8 da scommettere che i&nbsp;<strong>Disney Store<\/strong>&nbsp;ne saranno stracolmi a breve!&nbsp;<\/p>\n\n\n\n<figure class=\"wp-block-image alignwide\"><img decoding=\"async\" loading=\"lazy\" width=\"824\" height=\"464\" src=\"https:\/\/cercolinfo.it\/wp-content\/uploads\/2019\/09\/3-2.jpg\" alt=\"\" class=\"wp-image-3417\" srcset=\"https:\/\/www.cercolinfo.it\/wp-content\/uploads\/2019\/09\/3-2.jpg 824w, https:\/\/www.cercolinfo.it\/wp-content\/uploads\/2019\/09\/3-2-300x169.jpg 300w, https:\/\/www.cercolinfo.it\/wp-content\/uploads\/2019\/09\/3-2-768x432.jpg 768w\" sizes=\"(max-width: 824px) 100vw, 824px\" \/><figcaption>(Fonte immagine: mondofox.it)<\/figcaption><\/figure>\n\n\n\n<h4 class=\"wp-block-heading\"><strong>Trama<\/strong> <strong>Film<\/strong><\/h4>\n\n\n\n<p>Vedremo Anna ed Elsa con dei nuovi abiti e con nuove pettinature, sono trascorsi ormai&nbsp;<strong>3 anni<\/strong>&nbsp;dagli eventi del primo film e sebbene la vita scorra tranquilla ad&nbsp;<strong>Arendelle<\/strong>, qualcosa turba Elsa.<\/p>\n\n\n\n<p>I suoi poteri si stanno evolvendo ed una soave e gradevole&nbsp;<strong>voce<\/strong>&nbsp;la chiama ogni giorno e la spinge lontana dal suo&nbsp;<strong>regno<\/strong>, alla scoperta di un&nbsp;<strong>mistero<\/strong>&nbsp;che riguarda Arendelle, la sua&nbsp;<strong>famiglia<\/strong>&nbsp;e l\u2019origine dei suoi&nbsp;<strong>poteri<\/strong>. <br><\/p>\n\n\n\n<figure class=\"wp-block-image alignwide\"><img decoding=\"async\" loading=\"lazy\" width=\"780\" height=\"438\" src=\"https:\/\/cercolinfo.it\/wp-content\/uploads\/2019\/09\/4-2.jpg\" alt=\"\" class=\"wp-image-3418\" srcset=\"https:\/\/www.cercolinfo.it\/wp-content\/uploads\/2019\/09\/4-2.jpg 780w, https:\/\/www.cercolinfo.it\/wp-content\/uploads\/2019\/09\/4-2-300x168.jpg 300w, https:\/\/www.cercolinfo.it\/wp-content\/uploads\/2019\/09\/4-2-768x431.jpg 768w\" sizes=\"(max-width: 780px) 100vw, 780px\" \/><figcaption>(Fonte immagine: cnn.com)<\/figcaption><\/figure>\n\n\n\n<p>Trasportata dai ricordi e divorata dai dubbi,&nbsp;<strong>Elsa<\/strong>&nbsp;decider\u00e0 di allontanarsi dai territori che le sono familiari per avventurarsi in&nbsp;<strong>terre lontane<\/strong>, stavolta non da sola, ma accompagnata da&nbsp;<strong>Anna<\/strong>,&nbsp;<strong>Kristoff<\/strong>, il buffo&nbsp;<strong>Olaf<\/strong>&nbsp;che avr\u00e0 sempre la voce del bravissino&nbsp;<strong>Enrico Brignano<\/strong>&nbsp;e la dolce renna&nbsp;<strong>Sven<\/strong>.&nbsp;<\/p>\n\n\n\n<p>Tra tante produzioni per adulti e film violenti e fantascientifici, questo autunno non possiamo perderci un film per i pi\u00f9 piccini e&nbsp;<strong>per tutta la famiglia, leggero e magico<\/strong>!&nbsp;<\/p>\n\n\n\n<p>Io non vedo l\u2019ora e voi?<\/p>\n\n\n\n<div class=\"wp-block-image\"><figure class=\"aligncenter\"><img decoding=\"async\" loading=\"lazy\" width=\"692\" height=\"1024\" src=\"https:\/\/cercolinfo.it\/wp-content\/uploads\/2019\/09\/FA177BC9-4F65-4948-A5C3-8A195FDB212F-692x1024.jpeg\" alt=\"\" class=\"wp-image-3409\" srcset=\"https:\/\/www.cercolinfo.it\/wp-content\/uploads\/2019\/09\/FA177BC9-4F65-4948-A5C3-8A195FDB212F-692x1024.jpeg 692w, https:\/\/www.cercolinfo.it\/wp-content\/uploads\/2019\/09\/FA177BC9-4F65-4948-A5C3-8A195FDB212F-203x300.jpeg 203w, https:\/\/www.cercolinfo.it\/wp-content\/uploads\/2019\/09\/FA177BC9-4F65-4948-A5C3-8A195FDB212F-768x1136.jpeg 768w, https:\/\/www.cercolinfo.it\/wp-content\/uploads\/2019\/09\/FA177BC9-4F65-4948-A5C3-8A195FDB212F.jpeg 1152w\" sizes=\"(max-width: 692px) 100vw, 692px\" \/><figcaption>(Fonte immagine: disney.it)<\/figcaption><\/figure><\/div>\n\n\n\n<h4 class=\"wp-block-heading\"><strong>Scheda tecnica<\/strong>:<\/h4>\n\n\n\n<p><strong>Titolo originale<\/strong>: Frozen II: Il segreto di Arendelle<\/p>\n\n\n\n<p><strong>Regista<\/strong>: Chris Buck, Jennifer Lee<\/p>\n\n\n\n<p><strong>Genere<\/strong>: Animazione, Avventura, Commedia, Family, Fantasy, Musicale<\/p>\n\n\n\n<p><strong>Anno<\/strong>: 2019<\/p>\n\n\n\n<p><strong>Paese<\/strong>: USA<\/p>\n\n\n\n<p><strong>Data di uscita<\/strong>: 27 novembre 2019<\/p>\n\n\n\n<p><strong>Distribuzione<\/strong>: Walt Disney Pictures<\/p>\n\n\n\n<p>Articolo a cura di Luana Fusco.<\/p>\n\n\n\n<h3 class=\"wp-block-heading\">Leggi anche:<\/h3>\n\n\n\n<figure class=\"wp-block-embed-wordpress wp-block-embed is-type-wp-embed is-provider-cercolinfo\"><div class=\"wp-block-embed__wrapper\">\n<blockquote class=\"wp-embedded-content\" data-secret=\"5PCaasafAj\"><a href=\"https:\/\/cercolinfo.it\/index.php\/2019\/09\/21\/cera-una-volta-ahollywood\/\">C\u2019ERA UNA VOLTA A\u2026HOLLYWOOD<\/a><\/blockquote><iframe title=\"&#8220;C\u2019ERA UNA VOLTA A\u2026HOLLYWOOD&#8221; &#8212; CERCOLINFO\" class=\"wp-embedded-content\" sandbox=\"allow-scripts\" security=\"restricted\" style=\"position: absolute; clip: rect(1px, 1px, 1px, 1px);\" src=\"https:\/\/cercolinfo.it\/index.php\/2019\/09\/21\/cera-una-volta-ahollywood\/embed\/#?secret=5PCaasafAj\" data-secret=\"5PCaasafAj\" width=\"600\" height=\"338\" frameborder=\"0\" marginwidth=\"0\" marginheight=\"0\" scrolling=\"no\"><\/iframe>\n<\/div><\/figure>\n\n\n\n<p>Leggi anche: <a href=\"https:\/\/cercolinfo.it\/index.php\/2019\/09\/21\/cera-una-volta-ahollywood\/\">https:\/\/cercolinfo.it\/index.php\/2019\/09\/21\/cera-una-volta-ahollywood\/<\/a><\/p>\n","protected":false},"excerpt":{"rendered":"<p>Ricordate le bellissime e coraggiose Anna ed Elsa? Ebbene le due sorelle, principesse di&nbsp;Arendelle, tornano al cinema ad allietare grandi e piccini per preparci al periodo natalizio con la magia&#8230; <a class=\"read-more\" href=\"https:\/\/www.cercolinfo.it\/index.php\/2019\/09\/28\/frozen-ii-il-segreto-di-arendelle\/\">[Continua a leggere]<\/a><\/p>\n","protected":false},"author":1,"featured_media":3409,"comment_status":"open","ping_status":"open","sticky":false,"template":"","format":"standard","meta":[],"categories":[414],"tags":[1135,1134,1136,1009,1129,1132,1130,570,1128,1133],"yoast_head":"<!-- This site is optimized with the Yoast SEO plugin v20.5 - https:\/\/yoast.com\/wordpress\/plugins\/seo\/ -->\n<title>FROZEN II: IL SEGRETO DI ARENDELLE - CERCOLINFO<\/title>\n<meta name=\"description\" content=\"Ricordate le bellissime e coraggiose Anna ed Elsa? Ebbene le due sorelle, principesse di Arendelle, tornano al cinema con Frozen II\" \/>\n<meta name=\"robots\" content=\"index, follow, max-snippet:-1, max-image-preview:large, max-video-preview:-1\" \/>\n<link rel=\"canonical\" href=\"https:\/\/www.cercolinfo.it\/index.php\/2019\/09\/28\/frozen-ii-il-segreto-di-arendelle\/\" \/>\n<meta property=\"og:locale\" content=\"it_IT\" \/>\n<meta property=\"og:type\" content=\"article\" \/>\n<meta property=\"og:title\" content=\"FROZEN II: IL SEGRETO DI ARENDELLE - CERCOLINFO\" \/>\n<meta property=\"og:description\" content=\"Ricordate le bellissime e coraggiose Anna ed Elsa? Ebbene le due sorelle, principesse di Arendelle, tornano al cinema con Frozen II\" \/>\n<meta property=\"og:url\" content=\"https:\/\/www.cercolinfo.it\/index.php\/2019\/09\/28\/frozen-ii-il-segreto-di-arendelle\/\" \/>\n<meta property=\"og:site_name\" content=\"CERCOLINFO\" \/>\n<meta property=\"article:publisher\" content=\"https:\/\/it-it.facebook.com\/cercolinfo\/\" \/>\n<meta property=\"article:published_time\" content=\"2019-09-28T12:53:03+00:00\" \/>\n<meta property=\"article:modified_time\" content=\"2019-09-28T12:53:05+00:00\" \/>\n<meta property=\"og:image\" content=\"https:\/\/www.cercolinfo.it\/wp-content\/uploads\/2019\/09\/FA177BC9-4F65-4948-A5C3-8A195FDB212F.jpeg\" \/>\n\t<meta property=\"og:image:width\" content=\"1152\" \/>\n\t<meta property=\"og:image:height\" content=\"1704\" \/>\n\t<meta property=\"og:image:type\" content=\"image\/jpeg\" \/>\n<meta name=\"author\" content=\"admin\" \/>\n<meta name=\"twitter:card\" content=\"summary_large_image\" \/>\n<meta name=\"twitter:label1\" content=\"Scritto da\" \/>\n\t<meta name=\"twitter:data1\" content=\"admin\" \/>\n\t<meta name=\"twitter:label2\" content=\"Tempo di lettura stimato\" \/>\n\t<meta name=\"twitter:data2\" content=\"3 minuti\" \/>\n<script type=\"application\/ld+json\" class=\"yoast-schema-graph\">{\"@context\":\"https:\/\/schema.org\",\"@graph\":[{\"@type\":\"Article\",\"@id\":\"https:\/\/www.cercolinfo.it\/index.php\/2019\/09\/28\/frozen-ii-il-segreto-di-arendelle\/#article\",\"isPartOf\":{\"@id\":\"https:\/\/www.cercolinfo.it\/index.php\/2019\/09\/28\/frozen-ii-il-segreto-di-arendelle\/\"},\"author\":{\"name\":\"admin\",\"@id\":\"https:\/\/www.cercolinfo.it\/#\/schema\/person\/9b04219f1b8ff5360f0de12d1283dc15\"},\"headline\":\"FROZEN II: IL SEGRETO DI ARENDELLE\",\"datePublished\":\"2019-09-28T12:53:03+00:00\",\"dateModified\":\"2019-09-28T12:53:05+00:00\",\"mainEntityOfPage\":{\"@id\":\"https:\/\/www.cercolinfo.it\/index.php\/2019\/09\/28\/frozen-ii-il-segreto-di-arendelle\/\"},\"wordCount\":539,\"commentCount\":0,\"publisher\":{\"@id\":\"https:\/\/www.cercolinfo.it\/#organization\"},\"keywords\":[\"#Frozen 2\",\"#FrozenII\",\"#Il segreto di Arendelle\",\"alcinema\",\"Anna\",\"DueSorelle\",\"Elsa\",\"film\",\"Frozen II\",\"IlSegretoDiArendelle\"],\"articleSection\":[\"Cinema e serie tv\"],\"inLanguage\":\"it-IT\",\"potentialAction\":[{\"@type\":\"CommentAction\",\"name\":\"Comment\",\"target\":[\"https:\/\/www.cercolinfo.it\/index.php\/2019\/09\/28\/frozen-ii-il-segreto-di-arendelle\/#respond\"]}]},{\"@type\":\"WebPage\",\"@id\":\"https:\/\/www.cercolinfo.it\/index.php\/2019\/09\/28\/frozen-ii-il-segreto-di-arendelle\/\",\"url\":\"https:\/\/www.cercolinfo.it\/index.php\/2019\/09\/28\/frozen-ii-il-segreto-di-arendelle\/\",\"name\":\"FROZEN II: IL SEGRETO DI ARENDELLE - CERCOLINFO\",\"isPartOf\":{\"@id\":\"https:\/\/www.cercolinfo.it\/#website\"},\"datePublished\":\"2019-09-28T12:53:03+00:00\",\"dateModified\":\"2019-09-28T12:53:05+00:00\",\"description\":\"Ricordate le bellissime e coraggiose Anna ed Elsa? Ebbene le due sorelle, principesse di Arendelle, tornano al cinema con Frozen II\",\"breadcrumb\":{\"@id\":\"https:\/\/www.cercolinfo.it\/index.php\/2019\/09\/28\/frozen-ii-il-segreto-di-arendelle\/#breadcrumb\"},\"inLanguage\":\"it-IT\",\"potentialAction\":[{\"@type\":\"ReadAction\",\"target\":[\"https:\/\/www.cercolinfo.it\/index.php\/2019\/09\/28\/frozen-ii-il-segreto-di-arendelle\/\"]}]},{\"@type\":\"BreadcrumbList\",\"@id\":\"https:\/\/www.cercolinfo.it\/index.php\/2019\/09\/28\/frozen-ii-il-segreto-di-arendelle\/#breadcrumb\",\"itemListElement\":[{\"@type\":\"ListItem\",\"position\":1,\"name\":\"Home\",\"item\":\"https:\/\/www.cercolinfo.it\/\"},{\"@type\":\"ListItem\",\"position\":2,\"name\":\"FROZEN II: IL SEGRETO DI ARENDELLE\"}]},{\"@type\":\"WebSite\",\"@id\":\"https:\/\/www.cercolinfo.it\/#website\",\"url\":\"https:\/\/www.cercolinfo.it\/\",\"name\":\"CERCOLINFO\",\"description\":\"Periodico gratuito d&#039;informazione\",\"publisher\":{\"@id\":\"https:\/\/www.cercolinfo.it\/#organization\"},\"potentialAction\":[{\"@type\":\"SearchAction\",\"target\":{\"@type\":\"EntryPoint\",\"urlTemplate\":\"https:\/\/www.cercolinfo.it\/?s={search_term_string}\"},\"query-input\":\"required name=search_term_string\"}],\"inLanguage\":\"it-IT\"},{\"@type\":\"Organization\",\"@id\":\"https:\/\/www.cercolinfo.it\/#organization\",\"name\":\"Proloco Cercola\",\"url\":\"https:\/\/www.cercolinfo.it\/\",\"logo\":{\"@type\":\"ImageObject\",\"inLanguage\":\"it-IT\",\"@id\":\"https:\/\/www.cercolinfo.it\/#\/schema\/logo\/image\/\",\"url\":\"https:\/\/www.cercolinfo.it\/wp-content\/uploads\/2019\/02\/cropped-CERCOLINFO.png\",\"contentUrl\":\"https:\/\/www.cercolinfo.it\/wp-content\/uploads\/2019\/02\/cropped-CERCOLINFO.png\",\"width\":192,\"height\":53,\"caption\":\"Proloco Cercola\"},\"image\":{\"@id\":\"https:\/\/www.cercolinfo.it\/#\/schema\/logo\/image\/\"},\"sameAs\":[\"https:\/\/it-it.facebook.com\/cercolinfo\/\"]},{\"@type\":\"Person\",\"@id\":\"https:\/\/www.cercolinfo.it\/#\/schema\/person\/9b04219f1b8ff5360f0de12d1283dc15\",\"name\":\"admin\",\"image\":{\"@type\":\"ImageObject\",\"inLanguage\":\"it-IT\",\"@id\":\"https:\/\/www.cercolinfo.it\/#\/schema\/person\/image\/\",\"url\":\"https:\/\/secure.gravatar.com\/avatar\/9da6c62f1a357a43f6c7a7e5a3ac1119?s=96&d=mm&r=g\",\"contentUrl\":\"https:\/\/secure.gravatar.com\/avatar\/9da6c62f1a357a43f6c7a7e5a3ac1119?s=96&d=mm&r=g\",\"caption\":\"admin\"},\"url\":\"https:\/\/www.cercolinfo.it\/index.php\/author\/adituoro_bi9nrhr1\/\"}]}<\/script>\n<!-- \/ Yoast SEO plugin. -->","yoast_head_json":{"title":"FROZEN II: IL SEGRETO DI ARENDELLE - CERCOLINFO","description":"Ricordate le bellissime e coraggiose Anna ed Elsa? Ebbene le due sorelle, principesse di Arendelle, tornano al cinema con Frozen II","robots":{"index":"index","follow":"follow","max-snippet":"max-snippet:-1","max-image-preview":"max-image-preview:large","max-video-preview":"max-video-preview:-1"},"canonical":"https:\/\/www.cercolinfo.it\/index.php\/2019\/09\/28\/frozen-ii-il-segreto-di-arendelle\/","og_locale":"it_IT","og_type":"article","og_title":"FROZEN II: IL SEGRETO DI ARENDELLE - CERCOLINFO","og_description":"Ricordate le bellissime e coraggiose Anna ed Elsa? Ebbene le due sorelle, principesse di Arendelle, tornano al cinema con Frozen II","og_url":"https:\/\/www.cercolinfo.it\/index.php\/2019\/09\/28\/frozen-ii-il-segreto-di-arendelle\/","og_site_name":"CERCOLINFO","article_publisher":"https:\/\/it-it.facebook.com\/cercolinfo\/","article_published_time":"2019-09-28T12:53:03+00:00","article_modified_time":"2019-09-28T12:53:05+00:00","og_image":[{"width":1152,"height":1704,"url":"https:\/\/www.cercolinfo.it\/wp-content\/uploads\/2019\/09\/FA177BC9-4F65-4948-A5C3-8A195FDB212F.jpeg","type":"image\/jpeg"}],"author":"admin","twitter_card":"summary_large_image","twitter_misc":{"Scritto da":"admin","Tempo di lettura stimato":"3 minuti"},"schema":{"@context":"https:\/\/schema.org","@graph":[{"@type":"Article","@id":"https:\/\/www.cercolinfo.it\/index.php\/2019\/09\/28\/frozen-ii-il-segreto-di-arendelle\/#article","isPartOf":{"@id":"https:\/\/www.cercolinfo.it\/index.php\/2019\/09\/28\/frozen-ii-il-segreto-di-arendelle\/"},"author":{"name":"admin","@id":"https:\/\/www.cercolinfo.it\/#\/schema\/person\/9b04219f1b8ff5360f0de12d1283dc15"},"headline":"FROZEN II: IL SEGRETO DI ARENDELLE","datePublished":"2019-09-28T12:53:03+00:00","dateModified":"2019-09-28T12:53:05+00:00","mainEntityOfPage":{"@id":"https:\/\/www.cercolinfo.it\/index.php\/2019\/09\/28\/frozen-ii-il-segreto-di-arendelle\/"},"wordCount":539,"commentCount":0,"publisher":{"@id":"https:\/\/www.cercolinfo.it\/#organization"},"keywords":["#Frozen 2","#FrozenII","#Il segreto di Arendelle","alcinema","Anna","DueSorelle","Elsa","film","Frozen II","IlSegretoDiArendelle"],"articleSection":["Cinema e serie tv"],"inLanguage":"it-IT","potentialAction":[{"@type":"CommentAction","name":"Comment","target":["https:\/\/www.cercolinfo.it\/index.php\/2019\/09\/28\/frozen-ii-il-segreto-di-arendelle\/#respond"]}]},{"@type":"WebPage","@id":"https:\/\/www.cercolinfo.it\/index.php\/2019\/09\/28\/frozen-ii-il-segreto-di-arendelle\/","url":"https:\/\/www.cercolinfo.it\/index.php\/2019\/09\/28\/frozen-ii-il-segreto-di-arendelle\/","name":"FROZEN II: IL SEGRETO DI ARENDELLE - CERCOLINFO","isPartOf":{"@id":"https:\/\/www.cercolinfo.it\/#website"},"datePublished":"2019-09-28T12:53:03+00:00","dateModified":"2019-09-28T12:53:05+00:00","description":"Ricordate le bellissime e coraggiose Anna ed Elsa? Ebbene le due sorelle, principesse di Arendelle, tornano al cinema con Frozen II","breadcrumb":{"@id":"https:\/\/www.cercolinfo.it\/index.php\/2019\/09\/28\/frozen-ii-il-segreto-di-arendelle\/#breadcrumb"},"inLanguage":"it-IT","potentialAction":[{"@type":"ReadAction","target":["https:\/\/www.cercolinfo.it\/index.php\/2019\/09\/28\/frozen-ii-il-segreto-di-arendelle\/"]}]},{"@type":"BreadcrumbList","@id":"https:\/\/www.cercolinfo.it\/index.php\/2019\/09\/28\/frozen-ii-il-segreto-di-arendelle\/#breadcrumb","itemListElement":[{"@type":"ListItem","position":1,"name":"Home","item":"https:\/\/www.cercolinfo.it\/"},{"@type":"ListItem","position":2,"name":"FROZEN II: IL SEGRETO DI ARENDELLE"}]},{"@type":"WebSite","@id":"https:\/\/www.cercolinfo.it\/#website","url":"https:\/\/www.cercolinfo.it\/","name":"CERCOLINFO","description":"Periodico gratuito d&#039;informazione","publisher":{"@id":"https:\/\/www.cercolinfo.it\/#organization"},"potentialAction":[{"@type":"SearchAction","target":{"@type":"EntryPoint","urlTemplate":"https:\/\/www.cercolinfo.it\/?s={search_term_string}"},"query-input":"required name=search_term_string"}],"inLanguage":"it-IT"},{"@type":"Organization","@id":"https:\/\/www.cercolinfo.it\/#organization","name":"Proloco Cercola","url":"https:\/\/www.cercolinfo.it\/","logo":{"@type":"ImageObject","inLanguage":"it-IT","@id":"https:\/\/www.cercolinfo.it\/#\/schema\/logo\/image\/","url":"https:\/\/www.cercolinfo.it\/wp-content\/uploads\/2019\/02\/cropped-CERCOLINFO.png","contentUrl":"https:\/\/www.cercolinfo.it\/wp-content\/uploads\/2019\/02\/cropped-CERCOLINFO.png","width":192,"height":53,"caption":"Proloco Cercola"},"image":{"@id":"https:\/\/www.cercolinfo.it\/#\/schema\/logo\/image\/"},"sameAs":["https:\/\/it-it.facebook.com\/cercolinfo\/"]},{"@type":"Person","@id":"https:\/\/www.cercolinfo.it\/#\/schema\/person\/9b04219f1b8ff5360f0de12d1283dc15","name":"admin","image":{"@type":"ImageObject","inLanguage":"it-IT","@id":"https:\/\/www.cercolinfo.it\/#\/schema\/person\/image\/","url":"https:\/\/secure.gravatar.com\/avatar\/9da6c62f1a357a43f6c7a7e5a3ac1119?s=96&d=mm&r=g","contentUrl":"https:\/\/secure.gravatar.com\/avatar\/9da6c62f1a357a43f6c7a7e5a3ac1119?s=96&d=mm&r=g","caption":"admin"},"url":"https:\/\/www.cercolinfo.it\/index.php\/author\/adituoro_bi9nrhr1\/"}]}},"_links":{"self":[{"href":"https:\/\/www.cercolinfo.it\/index.php\/wp-json\/wp\/v2\/posts\/3407"}],"collection":[{"href":"https:\/\/www.cercolinfo.it\/index.php\/wp-json\/wp\/v2\/posts"}],"about":[{"href":"https:\/\/www.cercolinfo.it\/index.php\/wp-json\/wp\/v2\/types\/post"}],"author":[{"embeddable":true,"href":"https:\/\/www.cercolinfo.it\/index.php\/wp-json\/wp\/v2\/users\/1"}],"replies":[{"embeddable":true,"href":"https:\/\/www.cercolinfo.it\/index.php\/wp-json\/wp\/v2\/comments?post=3407"}],"version-history":[{"count":0,"href":"https:\/\/www.cercolinfo.it\/index.php\/wp-json\/wp\/v2\/posts\/3407\/revisions"}],"wp:featuredmedia":[{"embeddable":true,"href":"https:\/\/www.cercolinfo.it\/index.php\/wp-json\/wp\/v2\/media\/3409"}],"wp:attachment":[{"href":"https:\/\/www.cercolinfo.it\/index.php\/wp-json\/wp\/v2\/media?parent=3407"}],"wp:term":[{"taxonomy":"category","embeddable":true,"href":"https:\/\/www.cercolinfo.it\/index.php\/wp-json\/wp\/v2\/categories?post=3407"},{"taxonomy":"post_tag","embeddable":true,"href":"https:\/\/www.cercolinfo.it\/index.php\/wp-json\/wp\/v2\/tags?post=3407"}],"curies":[{"name":"wp","href":"https:\/\/api.w.org\/{rel}","templated":true}]}}