{"id":4612,"date":"2020-01-30T12:29:28","date_gmt":"2020-01-30T12:29:28","guid":{"rendered":"https:\/\/cercolinfo.it\/?p=4612"},"modified":"2020-01-30T12:35:22","modified_gmt":"2020-01-30T12:35:22","slug":"previdenza-complementare-2020-hai-tutto-lanno-per-risparmiare-anche-sulle-tasse","status":"publish","type":"post","link":"https:\/\/www.cercolinfo.it\/index.php\/2020\/01\/30\/previdenza-complementare-2020-hai-tutto-lanno-per-risparmiare-anche-sulle-tasse\/","title":{"rendered":"Previdenza complementare 2020: hai tutto l\u2019anno per risparmiare, anche sulle tasse"},"content":{"rendered":"\n<div class=\"wp-block-image\"><figure class=\"aligncenter size-large is-resized\"><img decoding=\"async\" loading=\"lazy\" src=\"https:\/\/cercolinfo.it\/wp-content\/uploads\/2019\/06\/Screenshot_20190511-170910-576x1024-576x1024.jpg\" alt=\"Vincenzo Balzano\" class=\"wp-image-1931\" width=\"288\" height=\"512\" srcset=\"https:\/\/www.cercolinfo.it\/wp-content\/uploads\/2019\/06\/Screenshot_20190511-170910-576x1024.jpg 576w, https:\/\/www.cercolinfo.it\/wp-content\/uploads\/2019\/06\/Screenshot_20190511-170910-576x1024-169x300.jpg 169w\" sizes=\"(max-width: 288px) 100vw, 288px\" \/><figcaption> Sono Vincenzo Balzano, Ispettore Principale, Consulente Finanziario e Assicurativo per Alleanza Assicurazione Spa <\/figcaption><\/figure><\/div>\n\n\n\n<p><\/p>\n\n\n\n<p>Sia che tu sia gi\u00e0 iscritto alla previdenza complementare sia che tu lo debba ancora fare, hai tutto l\u2019anno per pianificare la migliore contribuzione al fondo pensione. <\/p>\n\n\n\n<p>Puoi scegliere liberamente l\u2019importo, la frequenza dei versamenti e, pietra miliare del risparmio previdenziale, puoi contare anche quest\u2019anno sul grande vantaggio della deducibilit\u00e0 fiscale dei contributi versati. Primi inizi meglio \u00e8.<\/p>\n\n\n\n<p>Vediamo perch\u00e9. <\/p>\n\n\n\n<h4 class=\"wp-block-heading\"> Previdenza complementare e deducibilit\u00e0 fiscale: 5.164,57 euro a disposizione <\/h4>\n\n\n\n<p> Ogni risparmiatore ha le proprie abitudini nell\u2019investire, cos\u00ec come il proprio budget mensile e le proprie esigenze. Chi preferisce programmare preventivamente le uscite ha un piccolo vantaggio in pi\u00f9 se aderisce nei primi mesi del 2020: ha tutto l\u2019anno per contribuire al fondo pensione con dei versamenti periodici, ad esempio mensili o trimestrali, e contestualmente pu\u00f2 risparmiare sulle tasse grazie alla deducibilit\u00e0 fiscale dei contributi dal reddito IRPEF.<\/p>\n\n\n\n<p>Il tetto massimo di deducibilit\u00e0 fiscale \u00e8 di ben 5.164,57 euro annui, iniziando presto nell\u2019anno a versare lo puoi raggiungere gradualmente sia versando importi periodici diversi a seconda delle entrate e delle spese, sia optando per un piano di versamenti automatici con importo e frequenza della contribuzione al fondo pensione gi\u00e0 prefissati. <\/p>\n\n\n\n<figure class=\"wp-block-image size-large\"><img decoding=\"async\" loading=\"lazy\" width=\"940\" height=\"778\" src=\"https:\/\/cercolinfo.it\/wp-content\/uploads\/2020\/01\/Infografica-Come-funziona-la-previdenza-complementare_.png\" alt=\"\" class=\"wp-image-4620\" srcset=\"https:\/\/www.cercolinfo.it\/wp-content\/uploads\/2020\/01\/Infografica-Come-funziona-la-previdenza-complementare_.png 940w, https:\/\/www.cercolinfo.it\/wp-content\/uploads\/2020\/01\/Infografica-Come-funziona-la-previdenza-complementare_-300x248.png 300w, https:\/\/www.cercolinfo.it\/wp-content\/uploads\/2020\/01\/Infografica-Come-funziona-la-previdenza-complementare_-768x636.png 768w\" sizes=\"(max-width: 940px) 100vw, 940px\" \/><figcaption>(Immagine di <a href=\"http:\/\/propensione.it\">ProPensione.it<\/a>)<\/figcaption><\/figure>\n\n\n\n<p> In ogni caso, quanto versato nel corso 2020: <\/p>\n\n\n\n<ul><li>si accumula nella propria posizione individuale, costituendo parte della futura pensione integrativa<\/li><li>viene opportunamente investito secondo il comparto di gestione prescelto<\/li><li>gli investimenti anche piccoli generano rendimenti, per cui prima inizi maggiori saranno i rendimenti accumulati nell\u2019anno<\/li><li>quanto versato costituisce la somma da portare in deduzione dal reddito dichiarato ai fini IRPEF<\/li><\/ul>\n\n\n\n<h4 class=\"wp-block-heading\"> Risparmio previdenziale 2020: la storia di Federica <\/h4>\n\n\n\n<p> Federica ha 28 anni e lavora come impiegata da pi\u00f9 di due anni in un\u2019azienda della sua citt\u00e0 natale, Padova. Raggiunta una buona stabilit\u00e0 economica, con un reddito annuo lordo di 22.000 euro, si \u00e8 iscritta alla previdenza complementare.<\/p>\n\n\n\n<p>Al momento dell\u2019adesione, ha scelto di destinare il TFR al fondo pensione anzich\u00e9 lasciarlo in azienda e di versare<strong>&nbsp;50 euro al mese&nbsp;<\/strong>attivando un piano di pagamenti automatici sul proprio conto corrente. Inoltre, nei mesi in cui ha delle entrate economiche extra,&nbsp; ha deciso di versare<strong>&nbsp;100 euro in pi\u00f9<\/strong>.<\/p>\n\n\n\n<h4 class=\"wp-block-heading\"><strong>Ecco il suo piano di contribuzione per l\u2019anno 2020 e il risparmio fiscale nel dettaglio.<\/strong><\/h4>\n\n\n\n<p>Con un reddito annuo lordo di 22.000 euro, Federica pagherebbe 5.340 euro di tasse IRPEF ma grazie ai 900 euro annui versati nel fondo pensione che abbattono l\u2019imponibile,&nbsp;<strong>risparmia ben 243 euro di tasse, che le vengono restituiti nella busta paga di luglio 2021<\/strong>. <\/p>\n\n\n\n<figure class=\"wp-block-image size-large\"><img decoding=\"async\" loading=\"lazy\" width=\"778\" height=\"407\" src=\"https:\/\/cercolinfo.it\/wp-content\/uploads\/2020\/01\/tasse_18071343.jpg\" alt=\"\" class=\"wp-image-4621\" srcset=\"https:\/\/www.cercolinfo.it\/wp-content\/uploads\/2020\/01\/tasse_18071343.jpg 778w, https:\/\/www.cercolinfo.it\/wp-content\/uploads\/2020\/01\/tasse_18071343-300x157.jpg 300w, https:\/\/www.cercolinfo.it\/wp-content\/uploads\/2020\/01\/tasse_18071343-768x402.jpg 768w\" sizes=\"(max-width: 778px) 100vw, 778px\" \/><figcaption>(Immagine de <a href=\"http:\/\/ilmessaggero.it\">IlMessagero.it<\/a>)<\/figcaption><\/figure>\n\n\n\n<h4 class=\"wp-block-heading\"> Versamenti extra oltre il limite <\/h4>\n\n\n\n<p> Chi ha la possibilit\u00e0 pu\u00f2 versare nel fondo pensione anche oltre il limite di 5.164,57 euro di deducibilit\u00e0 annuale. In questo caso come funziona il risparmio fiscale?<\/p>\n\n\n\n<p>Le somme versate entro il tetto annuale vengono portate in deduzione, per le&nbsp;<strong>somme eccedenti<\/strong>&nbsp;\u00e8 previsto&nbsp;<strong>un altro beneficio fiscale<\/strong>:&nbsp; non saranno tassate al momento del pensionamento.<\/p>\n\n\n\n<p> Tutto quello che \u00e8 stato versato negli anni oltre il limite di deducibilit\u00e0 si cumula e quell&#8217;importo non entrer\u00e0 nella&nbsp; base imponibile per il calcolo della pensione integrativa.<\/p>\n\n\n\n<p><br>I contributi eccedenti e non dedotti vanno comunicati al proprio fondo pensione tramite \u201cLa comunicazione dei contributi non dedotti\u201d, entro il 31 dicembre dell\u2019anno successivo a quello in cui sono stati effettuati i versamenti.<\/p>\n\n\n\n<p>Per esempio, chi versa nel fondo 7.000 euro annui, potr\u00e0 dedurre dal reddito 5.164,57 euro e dovr\u00e0 comunicare al proprio gestore di non aver dedotto 1.853,43 euro che non saranno pi\u00f9 tassati.<\/p>\n\n\n\n<p>I contributi potrebbero non essere dedotti per almeno altri due motivi:<\/p>\n\n\n\n<ol><li>per scelta non si porta in deduzione quanto versato nel fondo pensione anche se inferiore al limite di 5.164,57 euro perch\u00e9 si preferisce per s\u00e9 o per un figlio fiscalmente a carico la detassazione totale.<\/li><li>sia per il fatto che si \u00e8 soggetti integralmente alla tassazione gi\u00e0 agevolata del regime forfettario.<\/li><\/ol>\n\n\n\n<h4 class=\"wp-block-heading\"> Beneficio fiscale 2020 per i contributi versati nel 2019 <\/h4>\n\n\n\n<p> Chi ha gi\u00e0 contribuito ad un fondo pensione nel 2019 godr\u00e0 quest\u2019anno del beneficio fiscale della deducibilit\u00e0 su quanto versato andando a pagare meno tasse grazie all\u2019abbattimento dell\u2019imponibile fiscale.<\/p>\n\n\n\n<p><strong>Come funziona la deduzione fiscale dei contributi?<\/strong><br>Se per esempio sono stati versati 3.000 euro al fondo pensione nel 2019 e il reddito da dichiarare ai fini IRPEF nel 2020 \u00e8 di 35.000, le aliquote previste per scaglioni di reddito si applicano su una somma inferiore grazie alla deduzione dei contributi, ossia su 32.000 euro. <\/p>\n\n\n\n<figure class=\"wp-block-image size-large\"><img decoding=\"async\" loading=\"lazy\" width=\"549\" height=\"256\" src=\"https:\/\/cercolinfo.it\/wp-content\/uploads\/2020\/01\/image-5.png\" alt=\"\" class=\"wp-image-4615\" srcset=\"https:\/\/www.cercolinfo.it\/wp-content\/uploads\/2020\/01\/image-5.png 549w, https:\/\/www.cercolinfo.it\/wp-content\/uploads\/2020\/01\/image-5-300x140.png 300w\" sizes=\"(max-width: 549px) 100vw, 549px\" \/><\/figure>\n\n\n\n<p> In questo esempio si pagheranno&nbsp;<strong>1.140 euro in meno di tasse<\/strong>.<strong>Con il 2020 \u00e8 iniziato un nuovo anno per risparmiare con la previdenza complementare a tutela del proprio tenore di vita, sia per chi \u00e8 gi\u00e0 iscritto che per chi deve ancora farlo. <\/strong><\/p>\n\n\n\n<p><strong>Prima lo fai, meglio \u00e8!<\/strong><\/p>\n\n\n\n<h4 class=\"wp-block-heading\"> TOP E FLOP <\/h4>\n\n\n\n<p> TOP <\/p>\n\n\n\n<figure class=\"wp-block-table\"><table class=\"\"><tbody><tr><td>Descrizione<\/td><td>Ultimo Prezzo<\/td><td>Var%<\/td><\/tr><tr><td>RISANAMENTO<\/td><td>0,047<\/td><td>+10,33%<\/td><\/tr><tr><td>ACOTEL GROUP<\/td><td>3,72<\/td><td>+9,73%<\/td><\/tr><tr><td>GABETTI<\/td><td>0,333<\/td><td>+8,82%<\/td><\/tr><tr><td>GEQUITY<\/td><td>0,037<\/td><td>+5,71%<\/td><\/tr><tr><td>TELESIA<\/td><td>4,8<\/td><td>+3,90%<\/td><\/tr><tr><td>PORTALE SARDEGNA<\/td><td>2,74<\/td><td>+3,79%<\/td><\/tr><tr><td>AEDES<\/td><td>1,55<\/td><td>+3,61%<\/td><\/tr><tr><td>SICIT GROUP<\/td><td>10,35<\/td><td>+3,50%<\/td><\/tr><tr><td>FIRST CAPITAL<\/td><td>12<\/td><td>+3,45%<\/td><\/tr><tr><td>BIANCAMANO<\/td><td>0,274<\/td><td>+3,40%<\/td><\/tr><\/tbody><\/table><\/figure>\n\n\n\n<p> Brilla la societ\u00e0 immobiliare, chiudendo la seduta con un aumento del 10,33%.&nbsp;<\/p>\n\n\n\n<p>Inizio di giornata sottotono per il titolo che ha segnato un primo prezzo a 0,0464 Euro, sopra il livello inferiore di ieri, per poi perdere forza nell&#8217;arco della riunione e cadere al termine delle contrattazioni vicino al minimo di 0,0422.&nbsp;<\/p>\n\n\n\n<p>L&#8217;analisi del titolo eseguita su base settimanale mette in evidenza la trendline rialzista di Risanamento pi\u00f9 pronunciata rispetto all&#8217;andamento dell&#8217;indice di riferimento. <\/p>\n\n\n\n<p>Ci\u00f2 esprime la maggiore appetibilit\u00e0 verso il titolo da parte del mercato.<\/p>\n\n\n\n<figure class=\"wp-block-image size-large\"><img decoding=\"async\" loading=\"lazy\" width=\"634\" height=\"523\" src=\"https:\/\/cercolinfo.it\/wp-content\/uploads\/2020\/01\/Screenshot-12.png\" alt=\"\" class=\"wp-image-4616\" srcset=\"https:\/\/www.cercolinfo.it\/wp-content\/uploads\/2020\/01\/Screenshot-12.png 634w, https:\/\/www.cercolinfo.it\/wp-content\/uploads\/2020\/01\/Screenshot-12-300x247.png 300w\" sizes=\"(max-width: 634px) 100vw, 634px\" \/><figcaption>(Immagine di <a href=\"http:\/\/google.it\">Google.it<\/a>)<\/figcaption><\/figure>\n\n\n\n<p> Seduta decisamente positiva per Acotel Group, che ha terminato in rialzo del 9,73%.&nbsp;L&#8217;esordio \u00e8 stato positivo per il titolo che \u00e8 partito a 3,35 Euro collocandosi al di sotto dei livelli migliori del 27 gennaio, per poi migliorare progressivamente nel corso della giornata e terminare in ascesa a 3,39 vicino ai massimi intraday.&nbsp;<\/p>\n\n\n\n<p>Su base settimanale, il trend del titolo \u00e8 pi\u00f9 solido rispetto a quello del FTSE MIB. Al momento, quindi, l&#8217;appeal degli investitori \u00e8 rivolto con pi\u00f9 decisione a Acotel Group rispetto all&#8217;indice di riferimento.<\/p>\n\n\n\n<figure class=\"wp-block-image size-large\"><img decoding=\"async\" loading=\"lazy\" width=\"631\" height=\"520\" src=\"https:\/\/cercolinfo.it\/wp-content\/uploads\/2020\/01\/Screenshot-1-1.png\" alt=\"\" class=\"wp-image-4617\" srcset=\"https:\/\/www.cercolinfo.it\/wp-content\/uploads\/2020\/01\/Screenshot-1-1.png 631w, https:\/\/www.cercolinfo.it\/wp-content\/uploads\/2020\/01\/Screenshot-1-1-300x247.png 300w\" sizes=\"(max-width: 631px) 100vw, 631px\" \/><figcaption>(Immagine di <a href=\"http:\/\/google.it\">Google.it<\/a>)<\/figcaption><\/figure>\n\n\n\n<h4 class=\"wp-block-heading\"> FLOP <\/h4>\n\n\n\n<figure class=\"wp-block-table\"><table class=\"\"><tbody><tr><td>Descrizione<\/td><td>Ultimo Prezzo<\/td><td>Var%<\/td><\/tr><tr><td>EEMS<\/td><td>0,124<\/td><td>-11,74%<\/td><\/tr><tr><td>WFD UNIBAIL-RODAMCO<\/td><td>126,9<\/td><td>-9,42%<\/td><\/tr><tr><td>FULLSIX<\/td><td>0,698<\/td><td>-5,68%<\/td><\/tr><tr><td>SOSTRAVEL.COM<\/td><td>1,59<\/td><td>-4,22%<\/td><\/tr><tr><td>COSE BELLE D&#8217;ITALIA<\/td><td>0,325<\/td><td>-3,85%<\/td><\/tr><tr><td>AMBIENTHESIS<\/td><td>0,71<\/td><td>-3,79%<\/td><\/tr><tr><td>FINLOGIC<\/td><td>6,35<\/td><td>-3,79%<\/td><\/tr><tr><td>SCIUKER FRAMES<\/td><td>1,19<\/td><td>-3,64%<\/td><\/tr><tr><td>ECOSUNTEK<\/td><td>8<\/td><td>-3,61%<\/td><\/tr><tr><td>SAP<\/td><td>118,52<\/td><td>-3,53%<\/td><\/tr><\/tbody><\/table><\/figure>\n\n\n\n<p> Affonda sul mercato Eems, che alla chiusura soffre con un calo dell&#8217;11,74%.&nbsp;Inizio di giornata sottotono per il titolo che ha segnato un primo prezzo a 0,1525 Euro, sopra il livello inferiore di ieri, per poi perdere forza nell&#8217;arco della riunione e cadere al termine delle contrattazioni vicino al minimo di 0,1395.&nbsp;<\/p>\n\n\n\n<p>Il confronto del titolo con il FTSE MIB, su base settimanale, mostra la maggiore forza relativa di Eems rispetto all&#8217;indice, evidenziando la concreta appetibilit\u00e0 del titolo da parte dei compratori. <\/p>\n\n\n\n<figure class=\"wp-block-image size-large\"><img decoding=\"async\" loading=\"lazy\" width=\"632\" height=\"512\" src=\"https:\/\/cercolinfo.it\/wp-content\/uploads\/2020\/01\/Screenshot-2-1.png\" alt=\"\" class=\"wp-image-4618\" srcset=\"https:\/\/www.cercolinfo.it\/wp-content\/uploads\/2020\/01\/Screenshot-2-1.png 632w, https:\/\/www.cercolinfo.it\/wp-content\/uploads\/2020\/01\/Screenshot-2-1-300x243.png 300w\" sizes=\"(max-width: 632px) 100vw, 632px\" \/><figcaption>(Immagine di <a href=\"http:\/\/google.it\">Google.it<\/a>)<\/figcaption><\/figure>\n\n\n\n<p> Aggressivo ribasso per Wfd Unibail-Rodamco, che flette in maniera scomposta, archiviando la sessione con una perdita del 9,42%.&nbsp;<\/p>\n\n\n\n<p>La partenza \u00e8 stata in sintonia con i valori di chiusura precedenti ed una sostanziale stabilit\u00e0 \u00e8 stata mantenuta nel corso della sessione, con chiusura in crescendo in prossimit\u00e0 del livello pi\u00f9 alto a 140,1.&nbsp;<\/p>\n\n\n\n<p>Se si confronta l&#8217;andamento del titolo con l&#8217;indice FTSE MIB, su base settimanale, Wfd Unibail-Rodamco mantiene forza relativa positiva rispetto all&#8217;indice, dimostrando un maggior apprezzamento da parte degli investitori rispetto all&#8217;indice stesso (performance settimanale +0,07%, rispetto a -2,44% del principale indice della Borsa di Milano).<\/p>\n\n\n\n<figure class=\"wp-block-image size-large\"><img decoding=\"async\" loading=\"lazy\" width=\"632\" height=\"519\" src=\"https:\/\/cercolinfo.it\/wp-content\/uploads\/2020\/01\/Screenshot-3-1.png\" alt=\"\" class=\"wp-image-4619\" srcset=\"https:\/\/www.cercolinfo.it\/wp-content\/uploads\/2020\/01\/Screenshot-3-1.png 632w, https:\/\/www.cercolinfo.it\/wp-content\/uploads\/2020\/01\/Screenshot-3-1-300x246.png 300w\" sizes=\"(max-width: 632px) 100vw, 632px\" \/><figcaption>(Immagine di <a href=\"http:\/\/google.it\">Google.it<\/a>)<\/figcaption><\/figure>\n\n\n\n<h4 class=\"wp-block-heading\">Leggi anche:<\/h4>\n\n\n\n<figure class=\"wp-block-embed-wordpress wp-block-embed is-type-wp-embed is-provider-cercolinfo\"><div class=\"wp-block-embed__wrapper\">\n<blockquote class=\"wp-embedded-content\" data-secret=\"B1uRPZyLgU\"><a href=\"https:\/\/cercolinfo.it\/index.php\/2020\/01\/29\/esistono-cibi-che-fanno-dimagrire\/\">Esistono cibi che fanno dimagrire?<\/a><\/blockquote><iframe title=\"&#8220;Esistono cibi che fanno dimagrire?&#8221; &#8212; CERCOLINFO\" class=\"wp-embedded-content\" sandbox=\"allow-scripts\" security=\"restricted\" style=\"position: absolute; clip: rect(1px, 1px, 1px, 1px);\" src=\"https:\/\/cercolinfo.it\/index.php\/2020\/01\/29\/esistono-cibi-che-fanno-dimagrire\/embed\/#?secret=B1uRPZyLgU\" data-secret=\"B1uRPZyLgU\" width=\"600\" height=\"338\" frameborder=\"0\" marginwidth=\"0\" marginheight=\"0\" scrolling=\"no\"><\/iframe>\n<\/div><\/figure>\n\n\n\n<p>Leggi anche: <a href=\"https:\/\/cercolinfo.it\/index.php\/2020\/01\/25\/cinema-e-serie-tv-jojo-rabbit\/\">CINEMA E SERIE TV: JOJO RABBIT<\/a><\/p>\n","protected":false},"excerpt":{"rendered":"<p>Sia che tu sia gi\u00e0 iscritto alla previdenza complementare sia che tu lo debba ancora fare, hai tutto l\u2019anno per pianificare la migliore contribuzione al fondo pensione. Puoi scegliere liberamente&#8230; <a class=\"read-more\" href=\"https:\/\/www.cercolinfo.it\/index.php\/2020\/01\/30\/previdenza-complementare-2020-hai-tutto-lanno-per-risparmiare-anche-sulle-tasse\/\">[Continua a leggere]<\/a><\/p>\n","protected":false},"author":1,"featured_media":4643,"comment_status":"open","ping_status":"open","sticky":false,"template":"","format":"standard","meta":[],"categories":[4],"tags":[275,191,1618,127,10,122,1657,1656,1658,194,192,193],"yoast_head":"<!-- This site is optimized with the Yoast SEO plugin v20.5 - https:\/\/yoast.com\/wordpress\/plugins\/seo\/ -->\n<title>Previdenza complementare 2020: hai tutto l\u2019anno per risparmiare, anche sulle tasse - CERCOLINFO<\/title>\n<meta name=\"robots\" content=\"index, follow, max-snippet:-1, max-image-preview:large, max-video-preview:-1\" \/>\n<link rel=\"canonical\" href=\"https:\/\/www.cercolinfo.it\/index.php\/2020\/01\/30\/previdenza-complementare-2020-hai-tutto-lanno-per-risparmiare-anche-sulle-tasse\/\" \/>\n<meta property=\"og:locale\" content=\"it_IT\" \/>\n<meta property=\"og:type\" content=\"article\" \/>\n<meta property=\"og:title\" content=\"Previdenza complementare 2020: hai tutto l\u2019anno per risparmiare, anche sulle tasse - CERCOLINFO\" \/>\n<meta property=\"og:description\" content=\"Sia che tu sia gi\u00e0 iscritto alla previdenza complementare sia che tu lo debba ancora fare, hai tutto l\u2019anno per pianificare la migliore contribuzione al fondo pensione. Puoi scegliere liberamente... [Continua a leggere]\" \/>\n<meta property=\"og:url\" content=\"https:\/\/www.cercolinfo.it\/index.php\/2020\/01\/30\/previdenza-complementare-2020-hai-tutto-lanno-per-risparmiare-anche-sulle-tasse\/\" \/>\n<meta property=\"og:site_name\" content=\"CERCOLINFO\" \/>\n<meta property=\"article:publisher\" content=\"https:\/\/it-it.facebook.com\/cercolinfo\/\" \/>\n<meta property=\"article:published_time\" content=\"2020-01-30T12:29:28+00:00\" \/>\n<meta property=\"article:modified_time\" content=\"2020-01-30T12:35:22+00:00\" \/>\n<meta property=\"og:image\" content=\"https:\/\/www.cercolinfo.it\/wp-content\/uploads\/2020\/01\/money-2696219_960_720.jpg\" \/>\n\t<meta property=\"og:image:width\" content=\"960\" \/>\n\t<meta property=\"og:image:height\" content=\"640\" \/>\n\t<meta property=\"og:image:type\" content=\"image\/jpeg\" \/>\n<meta name=\"author\" content=\"admin\" \/>\n<meta name=\"twitter:card\" content=\"summary_large_image\" \/>\n<meta name=\"twitter:label1\" content=\"Scritto da\" \/>\n\t<meta name=\"twitter:data1\" content=\"admin\" \/>\n\t<meta name=\"twitter:label2\" content=\"Tempo di lettura stimato\" \/>\n\t<meta name=\"twitter:data2\" content=\"6 minuti\" \/>\n<script type=\"application\/ld+json\" class=\"yoast-schema-graph\">{\"@context\":\"https:\/\/schema.org\",\"@graph\":[{\"@type\":\"Article\",\"@id\":\"https:\/\/www.cercolinfo.it\/index.php\/2020\/01\/30\/previdenza-complementare-2020-hai-tutto-lanno-per-risparmiare-anche-sulle-tasse\/#article\",\"isPartOf\":{\"@id\":\"https:\/\/www.cercolinfo.it\/index.php\/2020\/01\/30\/previdenza-complementare-2020-hai-tutto-lanno-per-risparmiare-anche-sulle-tasse\/\"},\"author\":{\"name\":\"admin\",\"@id\":\"https:\/\/www.cercolinfo.it\/#\/schema\/person\/9b04219f1b8ff5360f0de12d1283dc15\"},\"headline\":\"Previdenza complementare 2020: hai tutto l\u2019anno per risparmiare, anche sulle tasse\",\"datePublished\":\"2020-01-30T12:29:28+00:00\",\"dateModified\":\"2020-01-30T12:35:22+00:00\",\"mainEntityOfPage\":{\"@id\":\"https:\/\/www.cercolinfo.it\/index.php\/2020\/01\/30\/previdenza-complementare-2020-hai-tutto-lanno-per-risparmiare-anche-sulle-tasse\/\"},\"wordCount\":1208,\"commentCount\":0,\"publisher\":{\"@id\":\"https:\/\/www.cercolinfo.it\/#organization\"},\"keywords\":[\"#risparmio\",\"#titolitop\",\"cercolinfo\",\"investimenti\",\"italia\",\"Mercati\",\"pensioni\",\"previdenza\",\"previdenzacomplementare\",\"titoli flop\",\"titoli top\",\"titoliflop\"],\"articleSection\":[\"Economia - Mercati e Investimenti\"],\"inLanguage\":\"it-IT\",\"potentialAction\":[{\"@type\":\"CommentAction\",\"name\":\"Comment\",\"target\":[\"https:\/\/www.cercolinfo.it\/index.php\/2020\/01\/30\/previdenza-complementare-2020-hai-tutto-lanno-per-risparmiare-anche-sulle-tasse\/#respond\"]}]},{\"@type\":\"WebPage\",\"@id\":\"https:\/\/www.cercolinfo.it\/index.php\/2020\/01\/30\/previdenza-complementare-2020-hai-tutto-lanno-per-risparmiare-anche-sulle-tasse\/\",\"url\":\"https:\/\/www.cercolinfo.it\/index.php\/2020\/01\/30\/previdenza-complementare-2020-hai-tutto-lanno-per-risparmiare-anche-sulle-tasse\/\",\"name\":\"Previdenza complementare 2020: hai tutto l\u2019anno per risparmiare, anche sulle tasse - CERCOLINFO\",\"isPartOf\":{\"@id\":\"https:\/\/www.cercolinfo.it\/#website\"},\"datePublished\":\"2020-01-30T12:29:28+00:00\",\"dateModified\":\"2020-01-30T12:35:22+00:00\",\"breadcrumb\":{\"@id\":\"https:\/\/www.cercolinfo.it\/index.php\/2020\/01\/30\/previdenza-complementare-2020-hai-tutto-lanno-per-risparmiare-anche-sulle-tasse\/#breadcrumb\"},\"inLanguage\":\"it-IT\",\"potentialAction\":[{\"@type\":\"ReadAction\",\"target\":[\"https:\/\/www.cercolinfo.it\/index.php\/2020\/01\/30\/previdenza-complementare-2020-hai-tutto-lanno-per-risparmiare-anche-sulle-tasse\/\"]}]},{\"@type\":\"BreadcrumbList\",\"@id\":\"https:\/\/www.cercolinfo.it\/index.php\/2020\/01\/30\/previdenza-complementare-2020-hai-tutto-lanno-per-risparmiare-anche-sulle-tasse\/#breadcrumb\",\"itemListElement\":[{\"@type\":\"ListItem\",\"position\":1,\"name\":\"Home\",\"item\":\"https:\/\/www.cercolinfo.it\/\"},{\"@type\":\"ListItem\",\"position\":2,\"name\":\"Previdenza complementare 2020: hai tutto l\u2019anno per risparmiare, anche sulle tasse\"}]},{\"@type\":\"WebSite\",\"@id\":\"https:\/\/www.cercolinfo.it\/#website\",\"url\":\"https:\/\/www.cercolinfo.it\/\",\"name\":\"CERCOLINFO\",\"description\":\"Periodico gratuito d&#039;informazione\",\"publisher\":{\"@id\":\"https:\/\/www.cercolinfo.it\/#organization\"},\"potentialAction\":[{\"@type\":\"SearchAction\",\"target\":{\"@type\":\"EntryPoint\",\"urlTemplate\":\"https:\/\/www.cercolinfo.it\/?s={search_term_string}\"},\"query-input\":\"required name=search_term_string\"}],\"inLanguage\":\"it-IT\"},{\"@type\":\"Organization\",\"@id\":\"https:\/\/www.cercolinfo.it\/#organization\",\"name\":\"Proloco Cercola\",\"url\":\"https:\/\/www.cercolinfo.it\/\",\"logo\":{\"@type\":\"ImageObject\",\"inLanguage\":\"it-IT\",\"@id\":\"https:\/\/www.cercolinfo.it\/#\/schema\/logo\/image\/\",\"url\":\"https:\/\/www.cercolinfo.it\/wp-content\/uploads\/2019\/02\/cropped-CERCOLINFO.png\",\"contentUrl\":\"https:\/\/www.cercolinfo.it\/wp-content\/uploads\/2019\/02\/cropped-CERCOLINFO.png\",\"width\":192,\"height\":53,\"caption\":\"Proloco Cercola\"},\"image\":{\"@id\":\"https:\/\/www.cercolinfo.it\/#\/schema\/logo\/image\/\"},\"sameAs\":[\"https:\/\/it-it.facebook.com\/cercolinfo\/\"]},{\"@type\":\"Person\",\"@id\":\"https:\/\/www.cercolinfo.it\/#\/schema\/person\/9b04219f1b8ff5360f0de12d1283dc15\",\"name\":\"admin\",\"image\":{\"@type\":\"ImageObject\",\"inLanguage\":\"it-IT\",\"@id\":\"https:\/\/www.cercolinfo.it\/#\/schema\/person\/image\/\",\"url\":\"https:\/\/secure.gravatar.com\/avatar\/9da6c62f1a357a43f6c7a7e5a3ac1119?s=96&d=mm&r=g\",\"contentUrl\":\"https:\/\/secure.gravatar.com\/avatar\/9da6c62f1a357a43f6c7a7e5a3ac1119?s=96&d=mm&r=g\",\"caption\":\"admin\"},\"url\":\"https:\/\/www.cercolinfo.it\/index.php\/author\/adituoro_bi9nrhr1\/\"}]}<\/script>\n<!-- \/ Yoast SEO plugin. -->","yoast_head_json":{"title":"Previdenza complementare 2020: hai tutto l\u2019anno per risparmiare, anche sulle tasse - CERCOLINFO","robots":{"index":"index","follow":"follow","max-snippet":"max-snippet:-1","max-image-preview":"max-image-preview:large","max-video-preview":"max-video-preview:-1"},"canonical":"https:\/\/www.cercolinfo.it\/index.php\/2020\/01\/30\/previdenza-complementare-2020-hai-tutto-lanno-per-risparmiare-anche-sulle-tasse\/","og_locale":"it_IT","og_type":"article","og_title":"Previdenza complementare 2020: hai tutto l\u2019anno per risparmiare, anche sulle tasse - CERCOLINFO","og_description":"Sia che tu sia gi\u00e0 iscritto alla previdenza complementare sia che tu lo debba ancora fare, hai tutto l\u2019anno per pianificare la migliore contribuzione al fondo pensione. Puoi scegliere liberamente... [Continua a leggere]","og_url":"https:\/\/www.cercolinfo.it\/index.php\/2020\/01\/30\/previdenza-complementare-2020-hai-tutto-lanno-per-risparmiare-anche-sulle-tasse\/","og_site_name":"CERCOLINFO","article_publisher":"https:\/\/it-it.facebook.com\/cercolinfo\/","article_published_time":"2020-01-30T12:29:28+00:00","article_modified_time":"2020-01-30T12:35:22+00:00","og_image":[{"width":960,"height":640,"url":"https:\/\/www.cercolinfo.it\/wp-content\/uploads\/2020\/01\/money-2696219_960_720.jpg","type":"image\/jpeg"}],"author":"admin","twitter_card":"summary_large_image","twitter_misc":{"Scritto da":"admin","Tempo di lettura stimato":"6 minuti"},"schema":{"@context":"https:\/\/schema.org","@graph":[{"@type":"Article","@id":"https:\/\/www.cercolinfo.it\/index.php\/2020\/01\/30\/previdenza-complementare-2020-hai-tutto-lanno-per-risparmiare-anche-sulle-tasse\/#article","isPartOf":{"@id":"https:\/\/www.cercolinfo.it\/index.php\/2020\/01\/30\/previdenza-complementare-2020-hai-tutto-lanno-per-risparmiare-anche-sulle-tasse\/"},"author":{"name":"admin","@id":"https:\/\/www.cercolinfo.it\/#\/schema\/person\/9b04219f1b8ff5360f0de12d1283dc15"},"headline":"Previdenza complementare 2020: hai tutto l\u2019anno per risparmiare, anche sulle tasse","datePublished":"2020-01-30T12:29:28+00:00","dateModified":"2020-01-30T12:35:22+00:00","mainEntityOfPage":{"@id":"https:\/\/www.cercolinfo.it\/index.php\/2020\/01\/30\/previdenza-complementare-2020-hai-tutto-lanno-per-risparmiare-anche-sulle-tasse\/"},"wordCount":1208,"commentCount":0,"publisher":{"@id":"https:\/\/www.cercolinfo.it\/#organization"},"keywords":["#risparmio","#titolitop","cercolinfo","investimenti","italia","Mercati","pensioni","previdenza","previdenzacomplementare","titoli flop","titoli top","titoliflop"],"articleSection":["Economia - Mercati e Investimenti"],"inLanguage":"it-IT","potentialAction":[{"@type":"CommentAction","name":"Comment","target":["https:\/\/www.cercolinfo.it\/index.php\/2020\/01\/30\/previdenza-complementare-2020-hai-tutto-lanno-per-risparmiare-anche-sulle-tasse\/#respond"]}]},{"@type":"WebPage","@id":"https:\/\/www.cercolinfo.it\/index.php\/2020\/01\/30\/previdenza-complementare-2020-hai-tutto-lanno-per-risparmiare-anche-sulle-tasse\/","url":"https:\/\/www.cercolinfo.it\/index.php\/2020\/01\/30\/previdenza-complementare-2020-hai-tutto-lanno-per-risparmiare-anche-sulle-tasse\/","name":"Previdenza complementare 2020: hai tutto l\u2019anno per risparmiare, anche sulle tasse - CERCOLINFO","isPartOf":{"@id":"https:\/\/www.cercolinfo.it\/#website"},"datePublished":"2020-01-30T12:29:28+00:00","dateModified":"2020-01-30T12:35:22+00:00","breadcrumb":{"@id":"https:\/\/www.cercolinfo.it\/index.php\/2020\/01\/30\/previdenza-complementare-2020-hai-tutto-lanno-per-risparmiare-anche-sulle-tasse\/#breadcrumb"},"inLanguage":"it-IT","potentialAction":[{"@type":"ReadAction","target":["https:\/\/www.cercolinfo.it\/index.php\/2020\/01\/30\/previdenza-complementare-2020-hai-tutto-lanno-per-risparmiare-anche-sulle-tasse\/"]}]},{"@type":"BreadcrumbList","@id":"https:\/\/www.cercolinfo.it\/index.php\/2020\/01\/30\/previdenza-complementare-2020-hai-tutto-lanno-per-risparmiare-anche-sulle-tasse\/#breadcrumb","itemListElement":[{"@type":"ListItem","position":1,"name":"Home","item":"https:\/\/www.cercolinfo.it\/"},{"@type":"ListItem","position":2,"name":"Previdenza complementare 2020: hai tutto l\u2019anno per risparmiare, anche sulle tasse"}]},{"@type":"WebSite","@id":"https:\/\/www.cercolinfo.it\/#website","url":"https:\/\/www.cercolinfo.it\/","name":"CERCOLINFO","description":"Periodico gratuito d&#039;informazione","publisher":{"@id":"https:\/\/www.cercolinfo.it\/#organization"},"potentialAction":[{"@type":"SearchAction","target":{"@type":"EntryPoint","urlTemplate":"https:\/\/www.cercolinfo.it\/?s={search_term_string}"},"query-input":"required name=search_term_string"}],"inLanguage":"it-IT"},{"@type":"Organization","@id":"https:\/\/www.cercolinfo.it\/#organization","name":"Proloco Cercola","url":"https:\/\/www.cercolinfo.it\/","logo":{"@type":"ImageObject","inLanguage":"it-IT","@id":"https:\/\/www.cercolinfo.it\/#\/schema\/logo\/image\/","url":"https:\/\/www.cercolinfo.it\/wp-content\/uploads\/2019\/02\/cropped-CERCOLINFO.png","contentUrl":"https:\/\/www.cercolinfo.it\/wp-content\/uploads\/2019\/02\/cropped-CERCOLINFO.png","width":192,"height":53,"caption":"Proloco Cercola"},"image":{"@id":"https:\/\/www.cercolinfo.it\/#\/schema\/logo\/image\/"},"sameAs":["https:\/\/it-it.facebook.com\/cercolinfo\/"]},{"@type":"Person","@id":"https:\/\/www.cercolinfo.it\/#\/schema\/person\/9b04219f1b8ff5360f0de12d1283dc15","name":"admin","image":{"@type":"ImageObject","inLanguage":"it-IT","@id":"https:\/\/www.cercolinfo.it\/#\/schema\/person\/image\/","url":"https:\/\/secure.gravatar.com\/avatar\/9da6c62f1a357a43f6c7a7e5a3ac1119?s=96&d=mm&r=g","contentUrl":"https:\/\/secure.gravatar.com\/avatar\/9da6c62f1a357a43f6c7a7e5a3ac1119?s=96&d=mm&r=g","caption":"admin"},"url":"https:\/\/www.cercolinfo.it\/index.php\/author\/adituoro_bi9nrhr1\/"}]}},"_links":{"self":[{"href":"https:\/\/www.cercolinfo.it\/index.php\/wp-json\/wp\/v2\/posts\/4612"}],"collection":[{"href":"https:\/\/www.cercolinfo.it\/index.php\/wp-json\/wp\/v2\/posts"}],"about":[{"href":"https:\/\/www.cercolinfo.it\/index.php\/wp-json\/wp\/v2\/types\/post"}],"author":[{"embeddable":true,"href":"https:\/\/www.cercolinfo.it\/index.php\/wp-json\/wp\/v2\/users\/1"}],"replies":[{"embeddable":true,"href":"https:\/\/www.cercolinfo.it\/index.php\/wp-json\/wp\/v2\/comments?post=4612"}],"version-history":[{"count":0,"href":"https:\/\/www.cercolinfo.it\/index.php\/wp-json\/wp\/v2\/posts\/4612\/revisions"}],"wp:featuredmedia":[{"embeddable":true,"href":"https:\/\/www.cercolinfo.it\/index.php\/wp-json\/wp\/v2\/media\/4643"}],"wp:attachment":[{"href":"https:\/\/www.cercolinfo.it\/index.php\/wp-json\/wp\/v2\/media?parent=4612"}],"wp:term":[{"taxonomy":"category","embeddable":true,"href":"https:\/\/www.cercolinfo.it\/index.php\/wp-json\/wp\/v2\/categories?post=4612"},{"taxonomy":"post_tag","embeddable":true,"href":"https:\/\/www.cercolinfo.it\/index.php\/wp-json\/wp\/v2\/tags?post=4612"}],"curies":[{"name":"wp","href":"https:\/\/api.w.org\/{rel}","templated":true}]}}