{"id":4795,"date":"2020-02-14T13:18:08","date_gmt":"2020-02-14T13:18:08","guid":{"rendered":"https:\/\/cercolinfo.it\/?p=4795"},"modified":"2020-02-14T21:56:01","modified_gmt":"2020-02-14T21:56:01","slug":"14-15-febbraio-50-eventi-in-tutta-italia-contro-la-violenza-con-le-performances-di-artiste-e-attori","status":"publish","type":"post","link":"https:\/\/www.cercolinfo.it\/index.php\/2020\/02\/14\/14-15-febbraio-50-eventi-in-tutta-italia-contro-la-violenza-con-le-performances-di-artiste-e-attori\/","title":{"rendered":"14-15 febbraio: 50 eventi in tutta Italia contro la violenza, con le performances di artiste e attori"},"content":{"rendered":"\n<p>Una problematica da generazioni. Una terribile pandemia&nbsp;serpeggia silenziosa nel mondo da sempre: quella della <strong>violenza esercitata sulle donne<\/strong>.&nbsp;<\/p>\n\n\n\n<p>I dati -troppo spesso trascurati- sono spaventosi:<\/p>\n\n\n\n<p>Il 31,5% delle 16-70enni (6 milioni 788 mila) ha sub\u00ecto nel corso della propria vita una qualche forma di violenza fisica o sessuale.<\/p>\n\n\n\n<p>Di queste,&nbsp;il 20,2% (4 milioni 353 mila) ha sub\u00ecto <strong>violenza fisica<\/strong>, il 21% (4 milioni 520 mila) <strong>violenza sessuale<\/strong>, il 5,4% (1 milione 157 mila) le forme pi\u00f9 gravi della <strong>violenza sessuale <\/strong>come lo stupro (652 mila) e il <strong>tentato stupro<\/strong> (746 mila).<\/p>\n\n\n\n<p>Ha sub\u00ecto violenze fisiche o sessuali da partner o ex partner il 13,6% delle donne (2 milioni 800 mila), in particolare il 5,2% (855 mila) da partner attuale e il 18,9% (2 milioni 44 mila) dall\u2019ex partner.<\/p>\n\n\n\n<p>Quindi una donna su tre nel pianeta, nel corso della propria vita, subisce&nbsp;violenza e abusi.&nbsp;<\/p>\n\n\n\n<h4 class=\"wp-block-heading\"><strong>Chi \u00e8 dalla parte delle donne?<\/strong><\/h4>\n\n\n\n<p>Per fortuna c\u2019\u00e8 chi da voce a questa problematica&nbsp;e quotidianamente si batte affinch\u00e9 si rompa il silenzio di chi subisce, soprattutto in occasioni di festa.<\/p>\n\n\n\n<p>Dal 2013&nbsp;infatti,&nbsp;in tutto il mondo San Valentino si \u00e8 trasformato in una manifestazione gioiosa e non violenta, per risvegliare passione,&nbsp;volont\u00e0&nbsp;e cambiamento.<\/p>\n\n\n\n<figure class=\"wp-block-image alignwide size-large\"><img decoding=\"async\" loading=\"lazy\" width=\"1024\" height=\"576\" src=\"https:\/\/cercolinfo.it\/wp-content\/uploads\/2020\/02\/0FA7F65D-2E2B-45E1-A639-F45DA8846BDD-1024x576.jpeg\" alt=\"\" class=\"wp-image-4796\" srcset=\"https:\/\/www.cercolinfo.it\/wp-content\/uploads\/2020\/02\/0FA7F65D-2E2B-45E1-A639-F45DA8846BDD-1024x576.jpeg 1024w, https:\/\/www.cercolinfo.it\/wp-content\/uploads\/2020\/02\/0FA7F65D-2E2B-45E1-A639-F45DA8846BDD-300x169.jpeg 300w, https:\/\/www.cercolinfo.it\/wp-content\/uploads\/2020\/02\/0FA7F65D-2E2B-45E1-A639-F45DA8846BDD-768x432.jpeg 768w, https:\/\/www.cercolinfo.it\/wp-content\/uploads\/2020\/02\/0FA7F65D-2E2B-45E1-A639-F45DA8846BDD.jpeg 1400w\" sizes=\"(max-width: 1024px) 100vw, 1024px\" \/><figcaption>(Immagine di normanno.com)<\/figcaption><\/figure>\n\n\n\n<p>Tutto ci\u00f2 grazie a&nbsp;One&nbsp;Billion&nbsp;Rising, che ogni anno e in particolare nell\u2019ultimo offre&nbsp;una vera e propria chiamata all&#8217;azione della societ\u00e0 civile,&nbsp;in un momento in cui i diritti delle donne sono continuamente minacciati e i numeri della violenza sono spaventosi.<\/p>\n\n\n\n<p>Il tutto attraverso una&nbsp;serie di eventi che uniscononarrazione, danza e movimento: saranno nel mondo un miliardo di voci contro le violenze di donne e bambini e 50 le piazze in Italia coinvolte con performance di artiste e attiviste.&nbsp;<\/p>\n\n\n\n<p>Centro dell&#8217;azione come sempre sar\u00e0 la danza collettiva e potente di Break the Chain, la danza flash mob che ormai rappresenta nel mondo un messaggio universale contro la violenza maschile sulle donne.&nbsp;<\/p>\n\n\n\n<p>Inoltre, seguendo il modello del teatro di strada e dell&#8217;azione civile, attiviste e attivisti, attrici e attori metteranno in scena brevi letture estemporanee.<\/p>\n\n\n\n<p>Nelle vie, nelle piazze, nei luoghi di passaggio e di incontro di tutte le citt\u00e0, puntando l&#8217;attenzione sulla necessit\u00e0 che le donne vengano credute quando trovano il coraggio di denunciare e sulla funzione vitale che i Centri Antiviolenza svolgono nonostante i fondi economici stanziati non siano garantiti n\u00e9 sufficienti.&nbsp;<\/p>\n\n\n\n<p>Leggendo ad alta voce parole che declinano le molte forme della violenza, con un linguaggio semplice ma potente,&nbsp;con lo scopo di&nbsp;aprire un nuovo e pi\u00f9 ampio dibattito sui diritti, le disuguaglianze economiche, lo sfruttamento e la discriminazione delle donne in tutto il mondo.<\/p>\n\n\n\n<figure class=\"wp-block-image alignwide size-large\"><img decoding=\"async\" loading=\"lazy\" width=\"1024\" height=\"576\" src=\"https:\/\/cercolinfo.it\/wp-content\/uploads\/2020\/02\/4B65EC16-F0F8-4A70-910F-43EF464EBEDE-1024x576.jpeg\" alt=\"\" class=\"wp-image-4801\" srcset=\"https:\/\/www.cercolinfo.it\/wp-content\/uploads\/2020\/02\/4B65EC16-F0F8-4A70-910F-43EF464EBEDE-1024x576.jpeg 1024w, https:\/\/www.cercolinfo.it\/wp-content\/uploads\/2020\/02\/4B65EC16-F0F8-4A70-910F-43EF464EBEDE-300x169.jpeg 300w, https:\/\/www.cercolinfo.it\/wp-content\/uploads\/2020\/02\/4B65EC16-F0F8-4A70-910F-43EF464EBEDE-768x432.jpeg 768w, https:\/\/www.cercolinfo.it\/wp-content\/uploads\/2020\/02\/4B65EC16-F0F8-4A70-910F-43EF464EBEDE-1536x864.jpeg 1536w, https:\/\/www.cercolinfo.it\/wp-content\/uploads\/2020\/02\/4B65EC16-F0F8-4A70-910F-43EF464EBEDE.jpeg 1920w\" sizes=\"(max-width: 1024px) 100vw, 1024px\" \/><figcaption>(Immagine di vita.it)<\/figcaption><\/figure>\n\n\n\n<h4 class=\"wp-block-heading\"><strong>Che cos\u2019\u00e8 e come lavora OBR<\/strong><\/h4>\n\n\n\n<p>One&nbsp;Billion&nbsp;Rising, come gi\u00e0 accennato&nbsp;\u00e8 nata con la volont\u00e0 di contrastare l\u2019atroce fenomeno della violenza sulle donne.<\/p>\n\n\n\n<p>E\u2019 un movimento globale, laico, apartitico, aperto ad ogni persona, che aderisca e si attenga al principio fondante per cui ogni donna abbia la libert\u00e0 e il diritto di decidere del proprio corpo, della propria salute e della propria vita.<\/p>\n\n\n\n<p>Soprattutto \u00e8&nbsp;un atto festoso e non violento che vuole trasformare il 14 febbraio in una giornata di riscatto universale dalle ingiustizie che subiscono quotidianamente le donne di tutto il mondo.<\/p>\n\n\n\n<p>A tale iniziativa aderiscono pi\u00f9 di 180 paesi del pianeta e la campagna \u00e8 sostenuta da organizzazioni come:<\/p>\n\n\n\n<ul><li> Amnesty International e EqualityNow;<\/li><li>Robert Redford;<\/li><li>Yoko Ono;<\/li><li>Naomi Klein;<\/li><li>Jane Fonda;<\/li><li>Laura Pausini;<\/li><li>il Dalai Lama;<\/li><li>Anne Hathaway;<\/li><li>Berenice King e Michelle Bachelet.<\/li><\/ul>\n\n\n\n<figure class=\"wp-block-image alignwide size-large\"><img decoding=\"async\" loading=\"lazy\" width=\"1024\" height=\"571\" src=\"https:\/\/cercolinfo.it\/wp-content\/uploads\/2020\/02\/C2AA73C6-9C90-41B7-8084-3AF8FDCF6EDB-1024x571.jpeg\" alt=\"\" class=\"wp-image-4797\" srcset=\"https:\/\/www.cercolinfo.it\/wp-content\/uploads\/2020\/02\/C2AA73C6-9C90-41B7-8084-3AF8FDCF6EDB-1024x571.jpeg 1024w, https:\/\/www.cercolinfo.it\/wp-content\/uploads\/2020\/02\/C2AA73C6-9C90-41B7-8084-3AF8FDCF6EDB-300x167.jpeg 300w, https:\/\/www.cercolinfo.it\/wp-content\/uploads\/2020\/02\/C2AA73C6-9C90-41B7-8084-3AF8FDCF6EDB-768x428.jpeg 768w, https:\/\/www.cercolinfo.it\/wp-content\/uploads\/2020\/02\/C2AA73C6-9C90-41B7-8084-3AF8FDCF6EDB.jpeg 1200w\" sizes=\"(max-width: 1024px) 100vw, 1024px\" \/><figcaption>(Immagine di lettoquotidiano.it)<\/figcaption><\/figure>\n\n\n\n<h4 class=\"wp-block-heading\"><strong>Gli eventi<\/strong><\/h4>\n\n\n\n<p>L&#8217;appuntamento, che a livello mondiale coinvolge oltre un miliardo di persone, dagli USA alle Filippine, dalla Cina alla Russia e alla Nuova Zelanda, riscuote anche in Italia una grande risonanza e partecipazione.&nbsp;<\/p>\n\n\n\n<p>Ad&nbsp;oggi sono oltre 50 gli eventi annunciati nel nostro paese, da Trento a Palermo, passando per Torino, Bologna, Taranto e molte altre citt\u00e0 e le adesioni aumentano di giorno in giorno.<\/p>\n\n\n\n<p>Per informazioni sugli eventi in tutta Italia:&nbsp;<a href=\"https:\/\/www.facebook.com\/obritalia\/\">https:\/\/www.facebook.com\/obritalia\/<\/a>.<\/p>\n\n\n\n<p>Tra le adesioni alla campagna 2020, in un impegno comune di ascolto, lotta, resistenza e solidariet\u00e0 intese come modo di vivere, ci sono <strong>Amnesty International\u00a0Italia<\/strong>, <strong>AMREF<\/strong>, <strong>Osservatorio pari opportunit\u00e0 Politiche di Genere AUSER<\/strong>, <strong>Differenza Donna ONG<\/strong>, Assist Associazione Nazionale Atlete,\u00a0Rebel\u00a0Network,\u00a0Snoq\u00a0San Don\u00e0.<\/p>\n\n\n\n<figure class=\"wp-block-image alignwide size-large\"><img decoding=\"async\" loading=\"lazy\" width=\"1024\" height=\"768\" src=\"https:\/\/cercolinfo.it\/wp-content\/uploads\/2020\/02\/CE115E25-DE0A-4C18-BA1C-0A89D154D77F.jpeg\" alt=\"\" class=\"wp-image-4798\" srcset=\"https:\/\/www.cercolinfo.it\/wp-content\/uploads\/2020\/02\/CE115E25-DE0A-4C18-BA1C-0A89D154D77F.jpeg 1024w, https:\/\/www.cercolinfo.it\/wp-content\/uploads\/2020\/02\/CE115E25-DE0A-4C18-BA1C-0A89D154D77F-300x225.jpeg 300w, https:\/\/www.cercolinfo.it\/wp-content\/uploads\/2020\/02\/CE115E25-DE0A-4C18-BA1C-0A89D154D77F-768x576.jpeg 768w\" sizes=\"(max-width: 1024px) 100vw, 1024px\" \/><figcaption>(Immagine di sardegnareporter.it)<\/figcaption><\/figure>\n\n\n\n<p>L\u2019augurio \u00e8 che questi eventi possano fare in modo che non sia solo San Valentino il pretesto giusto per difendere, proteggere ed amare una donna.&nbsp;<\/p>\n\n\n\n<p>A cura di Laura imperato.<\/p>\n\n\n\n<h2 class=\"wp-block-heading\"><\/h2>\n\n\n\n<figure class=\"wp-block-embed-wordpress wp-block-embed is-type-wp-embed is-provider-cercolinfo\"><div class=\"wp-block-embed__wrapper\">\n<blockquote class=\"wp-embedded-content\" data-secret=\"UNPhORFLmm\"><a href=\"https:\/\/cercolinfo.it\/index.php\/2020\/01\/23\/tiktok-che-cose-e-quali-possono-essere-i-suoi-rischi\/\">TikTok: che cos\u2019\u00e8 e quali possono essere i suoi rischi<\/a><\/blockquote><iframe title=\"&#8220;TikTok: che cos\u2019\u00e8 e quali possono essere i suoi rischi&#8221; &#8212; CERCOLINFO\" class=\"wp-embedded-content\" sandbox=\"allow-scripts\" security=\"restricted\" style=\"position: absolute; clip: rect(1px, 1px, 1px, 1px);\" src=\"https:\/\/cercolinfo.it\/index.php\/2020\/01\/23\/tiktok-che-cose-e-quali-possono-essere-i-suoi-rischi\/embed\/#?secret=UNPhORFLmm\" data-secret=\"UNPhORFLmm\" width=\"600\" height=\"338\" frameborder=\"0\" marginwidth=\"0\" marginheight=\"0\" scrolling=\"no\"><\/iframe>\n<\/div><\/figure>\n\n\n\n<p>Leggi anche: <a href=\"https:\/\/cercolinfo.it\/index.php\/2020\/01\/23\/tiktok-che-cose-e-quali-possono-essere-i-suoi-rischi\/\">https:\/\/cercolinfo.it\/index.php\/2020\/01\/23\/tiktok-che-cose-e-quali-possono-essere-i-suoi-rischi\/<\/a><\/p>\n","protected":false},"excerpt":{"rendered":"<p>Una problematica da generazioni. Una terribile pandemia&nbsp;serpeggia silenziosa nel mondo da sempre: quella della violenza esercitata sulle donne.&nbsp; I dati -troppo spesso trascurati- sono spaventosi: Il 31,5% delle 16-70enni (6&#8230; <a class=\"read-more\" href=\"https:\/\/www.cercolinfo.it\/index.php\/2020\/02\/14\/14-15-febbraio-50-eventi-in-tutta-italia-contro-la-violenza-con-le-performances-di-artiste-e-attori\/\">[Continua a leggere]<\/a><\/p>\n","protected":false},"author":1,"featured_media":4805,"comment_status":"open","ping_status":"open","sticky":false,"template":"","format":"standard","meta":[],"categories":[7,110],"tags":[1748,1749,1750,1747,1745,1746,1737,1221,64,1736,1733,1735,1732,1734],"yoast_head":"<!-- This site is optimized with the Yoast SEO plugin v20.5 - https:\/\/yoast.com\/wordpress\/plugins\/seo\/ -->\n<title>14-15 febbraio: 50 eventi in tutta Italia contro la violenza, con le performances di artiste e attori - CERCOLINFO<\/title>\n<meta name=\"description\" content=\"Una problematica da generazioni. Una terribile pandemia serpeggia silenziosa nel mondo da sempre: quella della violenza esercitata sulle donne.\" \/>\n<meta name=\"robots\" content=\"index, follow, max-snippet:-1, max-image-preview:large, max-video-preview:-1\" \/>\n<link rel=\"canonical\" href=\"https:\/\/www.cercolinfo.it\/index.php\/2020\/02\/14\/14-15-febbraio-50-eventi-in-tutta-italia-contro-la-violenza-con-le-performances-di-artiste-e-attori\/\" \/>\n<meta property=\"og:locale\" content=\"it_IT\" \/>\n<meta property=\"og:type\" content=\"article\" \/>\n<meta property=\"og:title\" content=\"14-15 febbraio: 50 eventi in tutta Italia contro la violenza, con le performances di artiste e attori - CERCOLINFO\" \/>\n<meta property=\"og:description\" content=\"Una problematica da generazioni. Una terribile pandemia serpeggia silenziosa nel mondo da sempre: quella della violenza esercitata sulle donne.\" \/>\n<meta property=\"og:url\" content=\"https:\/\/www.cercolinfo.it\/index.php\/2020\/02\/14\/14-15-febbraio-50-eventi-in-tutta-italia-contro-la-violenza-con-le-performances-di-artiste-e-attori\/\" \/>\n<meta property=\"og:site_name\" content=\"CERCOLINFO\" \/>\n<meta property=\"article:publisher\" content=\"https:\/\/it-it.facebook.com\/cercolinfo\/\" \/>\n<meta property=\"article:published_time\" content=\"2020-02-14T13:18:08+00:00\" \/>\n<meta property=\"article:modified_time\" content=\"2020-02-14T21:56:01+00:00\" \/>\n<meta property=\"og:image\" content=\"https:\/\/www.cercolinfo.it\/wp-content\/uploads\/2020\/02\/21F50CF0-C055-425B-B224-65DE9DA471FB.jpeg\" \/>\n\t<meta property=\"og:image:width\" content=\"1920\" \/>\n\t<meta property=\"og:image:height\" content=\"1080\" \/>\n\t<meta property=\"og:image:type\" content=\"image\/jpeg\" \/>\n<meta name=\"author\" content=\"admin\" \/>\n<meta name=\"twitter:card\" content=\"summary_large_image\" \/>\n<meta name=\"twitter:label1\" content=\"Scritto da\" \/>\n\t<meta name=\"twitter:data1\" content=\"admin\" \/>\n\t<meta name=\"twitter:label2\" content=\"Tempo di lettura stimato\" \/>\n\t<meta name=\"twitter:data2\" content=\"4 minuti\" \/>\n<script type=\"application\/ld+json\" class=\"yoast-schema-graph\">{\"@context\":\"https:\/\/schema.org\",\"@graph\":[{\"@type\":\"Article\",\"@id\":\"https:\/\/www.cercolinfo.it\/index.php\/2020\/02\/14\/14-15-febbraio-50-eventi-in-tutta-italia-contro-la-violenza-con-le-performances-di-artiste-e-attori\/#article\",\"isPartOf\":{\"@id\":\"https:\/\/www.cercolinfo.it\/index.php\/2020\/02\/14\/14-15-febbraio-50-eventi-in-tutta-italia-contro-la-violenza-con-le-performances-di-artiste-e-attori\/\"},\"author\":{\"name\":\"admin\",\"@id\":\"https:\/\/www.cercolinfo.it\/#\/schema\/person\/9b04219f1b8ff5360f0de12d1283dc15\"},\"headline\":\"14-15 febbraio: 50 eventi in tutta Italia contro la violenza, con le performances di artiste e attori\",\"datePublished\":\"2020-02-14T13:18:08+00:00\",\"dateModified\":\"2020-02-14T21:56:01+00:00\",\"mainEntityOfPage\":{\"@id\":\"https:\/\/www.cercolinfo.it\/index.php\/2020\/02\/14\/14-15-febbraio-50-eventi-in-tutta-italia-contro-la-violenza-con-le-performances-di-artiste-e-attori\/\"},\"wordCount\":775,\"commentCount\":0,\"publisher\":{\"@id\":\"https:\/\/www.cercolinfo.it\/#organization\"},\"keywords\":[\"#amnestyinternationalitalia\",\"#amref\",\"#AUSER\",\"#noviolenzadonne\",\"#one billion rising\",\"#onebillionrising\",\"campagna\",\"donne\",\"eventi\",\"manifestazioni\",\"noviolenza\",\"uomini\",\"Violenza\",\"violenzasulledonne\"],\"articleSection\":[\"Eventi\",\"Mondo news\"],\"inLanguage\":\"it-IT\",\"potentialAction\":[{\"@type\":\"CommentAction\",\"name\":\"Comment\",\"target\":[\"https:\/\/www.cercolinfo.it\/index.php\/2020\/02\/14\/14-15-febbraio-50-eventi-in-tutta-italia-contro-la-violenza-con-le-performances-di-artiste-e-attori\/#respond\"]}]},{\"@type\":\"WebPage\",\"@id\":\"https:\/\/www.cercolinfo.it\/index.php\/2020\/02\/14\/14-15-febbraio-50-eventi-in-tutta-italia-contro-la-violenza-con-le-performances-di-artiste-e-attori\/\",\"url\":\"https:\/\/www.cercolinfo.it\/index.php\/2020\/02\/14\/14-15-febbraio-50-eventi-in-tutta-italia-contro-la-violenza-con-le-performances-di-artiste-e-attori\/\",\"name\":\"14-15 febbraio: 50 eventi in tutta Italia contro la violenza, con le performances di artiste e attori - CERCOLINFO\",\"isPartOf\":{\"@id\":\"https:\/\/www.cercolinfo.it\/#website\"},\"datePublished\":\"2020-02-14T13:18:08+00:00\",\"dateModified\":\"2020-02-14T21:56:01+00:00\",\"description\":\"Una problematica da generazioni. Una terribile pandemia serpeggia silenziosa nel mondo da sempre: quella della violenza esercitata sulle donne.\",\"breadcrumb\":{\"@id\":\"https:\/\/www.cercolinfo.it\/index.php\/2020\/02\/14\/14-15-febbraio-50-eventi-in-tutta-italia-contro-la-violenza-con-le-performances-di-artiste-e-attori\/#breadcrumb\"},\"inLanguage\":\"it-IT\",\"potentialAction\":[{\"@type\":\"ReadAction\",\"target\":[\"https:\/\/www.cercolinfo.it\/index.php\/2020\/02\/14\/14-15-febbraio-50-eventi-in-tutta-italia-contro-la-violenza-con-le-performances-di-artiste-e-attori\/\"]}]},{\"@type\":\"BreadcrumbList\",\"@id\":\"https:\/\/www.cercolinfo.it\/index.php\/2020\/02\/14\/14-15-febbraio-50-eventi-in-tutta-italia-contro-la-violenza-con-le-performances-di-artiste-e-attori\/#breadcrumb\",\"itemListElement\":[{\"@type\":\"ListItem\",\"position\":1,\"name\":\"Home\",\"item\":\"https:\/\/www.cercolinfo.it\/\"},{\"@type\":\"ListItem\",\"position\":2,\"name\":\"14-15 febbraio: 50 eventi in tutta Italia contro la violenza, con le performances di artiste e attori\"}]},{\"@type\":\"WebSite\",\"@id\":\"https:\/\/www.cercolinfo.it\/#website\",\"url\":\"https:\/\/www.cercolinfo.it\/\",\"name\":\"CERCOLINFO\",\"description\":\"Periodico gratuito d&#039;informazione\",\"publisher\":{\"@id\":\"https:\/\/www.cercolinfo.it\/#organization\"},\"potentialAction\":[{\"@type\":\"SearchAction\",\"target\":{\"@type\":\"EntryPoint\",\"urlTemplate\":\"https:\/\/www.cercolinfo.it\/?s={search_term_string}\"},\"query-input\":\"required name=search_term_string\"}],\"inLanguage\":\"it-IT\"},{\"@type\":\"Organization\",\"@id\":\"https:\/\/www.cercolinfo.it\/#organization\",\"name\":\"Proloco Cercola\",\"url\":\"https:\/\/www.cercolinfo.it\/\",\"logo\":{\"@type\":\"ImageObject\",\"inLanguage\":\"it-IT\",\"@id\":\"https:\/\/www.cercolinfo.it\/#\/schema\/logo\/image\/\",\"url\":\"https:\/\/www.cercolinfo.it\/wp-content\/uploads\/2019\/02\/cropped-CERCOLINFO.png\",\"contentUrl\":\"https:\/\/www.cercolinfo.it\/wp-content\/uploads\/2019\/02\/cropped-CERCOLINFO.png\",\"width\":192,\"height\":53,\"caption\":\"Proloco Cercola\"},\"image\":{\"@id\":\"https:\/\/www.cercolinfo.it\/#\/schema\/logo\/image\/\"},\"sameAs\":[\"https:\/\/it-it.facebook.com\/cercolinfo\/\"]},{\"@type\":\"Person\",\"@id\":\"https:\/\/www.cercolinfo.it\/#\/schema\/person\/9b04219f1b8ff5360f0de12d1283dc15\",\"name\":\"admin\",\"image\":{\"@type\":\"ImageObject\",\"inLanguage\":\"it-IT\",\"@id\":\"https:\/\/www.cercolinfo.it\/#\/schema\/person\/image\/\",\"url\":\"https:\/\/secure.gravatar.com\/avatar\/9da6c62f1a357a43f6c7a7e5a3ac1119?s=96&d=mm&r=g\",\"contentUrl\":\"https:\/\/secure.gravatar.com\/avatar\/9da6c62f1a357a43f6c7a7e5a3ac1119?s=96&d=mm&r=g\",\"caption\":\"admin\"},\"url\":\"https:\/\/www.cercolinfo.it\/index.php\/author\/adituoro_bi9nrhr1\/\"}]}<\/script>\n<!-- \/ Yoast SEO plugin. -->","yoast_head_json":{"title":"14-15 febbraio: 50 eventi in tutta Italia contro la violenza, con le performances di artiste e attori - CERCOLINFO","description":"Una problematica da generazioni. Una terribile pandemia serpeggia silenziosa nel mondo da sempre: quella della violenza esercitata sulle donne.","robots":{"index":"index","follow":"follow","max-snippet":"max-snippet:-1","max-image-preview":"max-image-preview:large","max-video-preview":"max-video-preview:-1"},"canonical":"https:\/\/www.cercolinfo.it\/index.php\/2020\/02\/14\/14-15-febbraio-50-eventi-in-tutta-italia-contro-la-violenza-con-le-performances-di-artiste-e-attori\/","og_locale":"it_IT","og_type":"article","og_title":"14-15 febbraio: 50 eventi in tutta Italia contro la violenza, con le performances di artiste e attori - CERCOLINFO","og_description":"Una problematica da generazioni. Una terribile pandemia serpeggia silenziosa nel mondo da sempre: quella della violenza esercitata sulle donne.","og_url":"https:\/\/www.cercolinfo.it\/index.php\/2020\/02\/14\/14-15-febbraio-50-eventi-in-tutta-italia-contro-la-violenza-con-le-performances-di-artiste-e-attori\/","og_site_name":"CERCOLINFO","article_publisher":"https:\/\/it-it.facebook.com\/cercolinfo\/","article_published_time":"2020-02-14T13:18:08+00:00","article_modified_time":"2020-02-14T21:56:01+00:00","og_image":[{"width":1920,"height":1080,"url":"https:\/\/www.cercolinfo.it\/wp-content\/uploads\/2020\/02\/21F50CF0-C055-425B-B224-65DE9DA471FB.jpeg","type":"image\/jpeg"}],"author":"admin","twitter_card":"summary_large_image","twitter_misc":{"Scritto da":"admin","Tempo di lettura stimato":"4 minuti"},"schema":{"@context":"https:\/\/schema.org","@graph":[{"@type":"Article","@id":"https:\/\/www.cercolinfo.it\/index.php\/2020\/02\/14\/14-15-febbraio-50-eventi-in-tutta-italia-contro-la-violenza-con-le-performances-di-artiste-e-attori\/#article","isPartOf":{"@id":"https:\/\/www.cercolinfo.it\/index.php\/2020\/02\/14\/14-15-febbraio-50-eventi-in-tutta-italia-contro-la-violenza-con-le-performances-di-artiste-e-attori\/"},"author":{"name":"admin","@id":"https:\/\/www.cercolinfo.it\/#\/schema\/person\/9b04219f1b8ff5360f0de12d1283dc15"},"headline":"14-15 febbraio: 50 eventi in tutta Italia contro la violenza, con le performances di artiste e attori","datePublished":"2020-02-14T13:18:08+00:00","dateModified":"2020-02-14T21:56:01+00:00","mainEntityOfPage":{"@id":"https:\/\/www.cercolinfo.it\/index.php\/2020\/02\/14\/14-15-febbraio-50-eventi-in-tutta-italia-contro-la-violenza-con-le-performances-di-artiste-e-attori\/"},"wordCount":775,"commentCount":0,"publisher":{"@id":"https:\/\/www.cercolinfo.it\/#organization"},"keywords":["#amnestyinternationalitalia","#amref","#AUSER","#noviolenzadonne","#one billion rising","#onebillionrising","campagna","donne","eventi","manifestazioni","noviolenza","uomini","Violenza","violenzasulledonne"],"articleSection":["Eventi","Mondo news"],"inLanguage":"it-IT","potentialAction":[{"@type":"CommentAction","name":"Comment","target":["https:\/\/www.cercolinfo.it\/index.php\/2020\/02\/14\/14-15-febbraio-50-eventi-in-tutta-italia-contro-la-violenza-con-le-performances-di-artiste-e-attori\/#respond"]}]},{"@type":"WebPage","@id":"https:\/\/www.cercolinfo.it\/index.php\/2020\/02\/14\/14-15-febbraio-50-eventi-in-tutta-italia-contro-la-violenza-con-le-performances-di-artiste-e-attori\/","url":"https:\/\/www.cercolinfo.it\/index.php\/2020\/02\/14\/14-15-febbraio-50-eventi-in-tutta-italia-contro-la-violenza-con-le-performances-di-artiste-e-attori\/","name":"14-15 febbraio: 50 eventi in tutta Italia contro la violenza, con le performances di artiste e attori - CERCOLINFO","isPartOf":{"@id":"https:\/\/www.cercolinfo.it\/#website"},"datePublished":"2020-02-14T13:18:08+00:00","dateModified":"2020-02-14T21:56:01+00:00","description":"Una problematica da generazioni. Una terribile pandemia serpeggia silenziosa nel mondo da sempre: quella della violenza esercitata sulle donne.","breadcrumb":{"@id":"https:\/\/www.cercolinfo.it\/index.php\/2020\/02\/14\/14-15-febbraio-50-eventi-in-tutta-italia-contro-la-violenza-con-le-performances-di-artiste-e-attori\/#breadcrumb"},"inLanguage":"it-IT","potentialAction":[{"@type":"ReadAction","target":["https:\/\/www.cercolinfo.it\/index.php\/2020\/02\/14\/14-15-febbraio-50-eventi-in-tutta-italia-contro-la-violenza-con-le-performances-di-artiste-e-attori\/"]}]},{"@type":"BreadcrumbList","@id":"https:\/\/www.cercolinfo.it\/index.php\/2020\/02\/14\/14-15-febbraio-50-eventi-in-tutta-italia-contro-la-violenza-con-le-performances-di-artiste-e-attori\/#breadcrumb","itemListElement":[{"@type":"ListItem","position":1,"name":"Home","item":"https:\/\/www.cercolinfo.it\/"},{"@type":"ListItem","position":2,"name":"14-15 febbraio: 50 eventi in tutta Italia contro la violenza, con le performances di artiste e attori"}]},{"@type":"WebSite","@id":"https:\/\/www.cercolinfo.it\/#website","url":"https:\/\/www.cercolinfo.it\/","name":"CERCOLINFO","description":"Periodico gratuito d&#039;informazione","publisher":{"@id":"https:\/\/www.cercolinfo.it\/#organization"},"potentialAction":[{"@type":"SearchAction","target":{"@type":"EntryPoint","urlTemplate":"https:\/\/www.cercolinfo.it\/?s={search_term_string}"},"query-input":"required name=search_term_string"}],"inLanguage":"it-IT"},{"@type":"Organization","@id":"https:\/\/www.cercolinfo.it\/#organization","name":"Proloco Cercola","url":"https:\/\/www.cercolinfo.it\/","logo":{"@type":"ImageObject","inLanguage":"it-IT","@id":"https:\/\/www.cercolinfo.it\/#\/schema\/logo\/image\/","url":"https:\/\/www.cercolinfo.it\/wp-content\/uploads\/2019\/02\/cropped-CERCOLINFO.png","contentUrl":"https:\/\/www.cercolinfo.it\/wp-content\/uploads\/2019\/02\/cropped-CERCOLINFO.png","width":192,"height":53,"caption":"Proloco Cercola"},"image":{"@id":"https:\/\/www.cercolinfo.it\/#\/schema\/logo\/image\/"},"sameAs":["https:\/\/it-it.facebook.com\/cercolinfo\/"]},{"@type":"Person","@id":"https:\/\/www.cercolinfo.it\/#\/schema\/person\/9b04219f1b8ff5360f0de12d1283dc15","name":"admin","image":{"@type":"ImageObject","inLanguage":"it-IT","@id":"https:\/\/www.cercolinfo.it\/#\/schema\/person\/image\/","url":"https:\/\/secure.gravatar.com\/avatar\/9da6c62f1a357a43f6c7a7e5a3ac1119?s=96&d=mm&r=g","contentUrl":"https:\/\/secure.gravatar.com\/avatar\/9da6c62f1a357a43f6c7a7e5a3ac1119?s=96&d=mm&r=g","caption":"admin"},"url":"https:\/\/www.cercolinfo.it\/index.php\/author\/adituoro_bi9nrhr1\/"}]}},"_links":{"self":[{"href":"https:\/\/www.cercolinfo.it\/index.php\/wp-json\/wp\/v2\/posts\/4795"}],"collection":[{"href":"https:\/\/www.cercolinfo.it\/index.php\/wp-json\/wp\/v2\/posts"}],"about":[{"href":"https:\/\/www.cercolinfo.it\/index.php\/wp-json\/wp\/v2\/types\/post"}],"author":[{"embeddable":true,"href":"https:\/\/www.cercolinfo.it\/index.php\/wp-json\/wp\/v2\/users\/1"}],"replies":[{"embeddable":true,"href":"https:\/\/www.cercolinfo.it\/index.php\/wp-json\/wp\/v2\/comments?post=4795"}],"version-history":[{"count":0,"href":"https:\/\/www.cercolinfo.it\/index.php\/wp-json\/wp\/v2\/posts\/4795\/revisions"}],"wp:featuredmedia":[{"embeddable":true,"href":"https:\/\/www.cercolinfo.it\/index.php\/wp-json\/wp\/v2\/media\/4805"}],"wp:attachment":[{"href":"https:\/\/www.cercolinfo.it\/index.php\/wp-json\/wp\/v2\/media?parent=4795"}],"wp:term":[{"taxonomy":"category","embeddable":true,"href":"https:\/\/www.cercolinfo.it\/index.php\/wp-json\/wp\/v2\/categories?post=4795"},{"taxonomy":"post_tag","embeddable":true,"href":"https:\/\/www.cercolinfo.it\/index.php\/wp-json\/wp\/v2\/tags?post=4795"}],"curies":[{"name":"wp","href":"https:\/\/api.w.org\/{rel}","templated":true}]}}