{"id":4823,"date":"2020-02-28T12:58:36","date_gmt":"2020-02-28T12:58:36","guid":{"rendered":"https:\/\/cercolinfo.it\/?p=4823"},"modified":"2020-02-28T12:58:40","modified_gmt":"2020-02-28T12:58:40","slug":"36-come-si-sceglie-un-abito","status":"publish","type":"post","link":"https:\/\/www.cercolinfo.it\/index.php\/2020\/02\/28\/36-come-si-sceglie-un-abito\/","title":{"rendered":"36 &#8211; Come si sceglie un abito?"},"content":{"rendered":"\n<div class=\"wp-block-image\"><figure class=\"aligncenter size-medium\"><img decoding=\"async\" loading=\"lazy\" width=\"300\" height=\"300\" src=\"https:\/\/cercolinfo.it\/wp-content\/uploads\/2019\/05\/WhatsApp-Image-2019-05-17-at-10.32.57-300x300.jpeg\" alt=\"\" class=\"wp-image-1337\" srcset=\"https:\/\/www.cercolinfo.it\/wp-content\/uploads\/2019\/05\/WhatsApp-Image-2019-05-17-at-10.32.57-300x300.jpeg 300w, https:\/\/www.cercolinfo.it\/wp-content\/uploads\/2019\/05\/WhatsApp-Image-2019-05-17-at-10.32.57-150x150.jpeg 150w, https:\/\/www.cercolinfo.it\/wp-content\/uploads\/2019\/05\/WhatsApp-Image-2019-05-17-at-10.32.57-768x768.jpeg 768w, https:\/\/www.cercolinfo.it\/wp-content\/uploads\/2019\/05\/WhatsApp-Image-2019-05-17-at-10.32.57.jpeg 1024w\" sizes=\"(max-width: 300px) 100vw, 300px\" \/><figcaption>Mimmo Di Simone, appassionato di eleganza maschile<\/figcaption><\/figure><\/div>\n\n\n\n<p>Sul giornale parlo spesso dell&#8217;importanza dell&#8217;eleganza nella sfera professionale. Come dico sempre, per avere successo bisogna prima di tutto apparire di successo e scegliere un ottimo abito.<\/p>\n\n\n\n<p>E questo attira su di me molte critiche, ma vivo bene lo stesso anche per sono convinto che il potere e il rispetto vanno guadagnati con le azioni e con la competenza professionale, ma anche con la propria immagine.<\/p>\n\n\n\n<p>Tuttavia c&#8217;\u00e8 un altro aspetto da non sottovalutare: L\u2019abbigliamento influenza direttamente anche il nostro fascino.<\/p>\n\n\n\n<figure class=\"wp-block-image alignwide size-large\"><img decoding=\"async\" loading=\"lazy\" width=\"1024\" height=\"1013\" src=\"https:\/\/cercolinfo.it\/wp-content\/uploads\/2020\/02\/09009EFB-89CE-48A0-88EA-2FD39D724324.jpeg\" alt=\"\" class=\"wp-image-4832\" srcset=\"https:\/\/www.cercolinfo.it\/wp-content\/uploads\/2020\/02\/09009EFB-89CE-48A0-88EA-2FD39D724324.jpeg 1024w, https:\/\/www.cercolinfo.it\/wp-content\/uploads\/2020\/02\/09009EFB-89CE-48A0-88EA-2FD39D724324-300x297.jpeg 300w, https:\/\/www.cercolinfo.it\/wp-content\/uploads\/2020\/02\/09009EFB-89CE-48A0-88EA-2FD39D724324-768x760.jpeg 768w\" sizes=\"(max-width: 1024px) 100vw, 1024px\" \/><figcaption>Foto 1<\/figcaption><\/figure>\n\n\n\n<p>Ora, questo tema \u00e8 molto delicato. Anche qui devo stare molto attento a pesare ogni singola parola perch\u00e9 so gi\u00e0 che alla prima parola fuori posto potreste saltare in piedi e urlarmi contro ogni tipo di ingiuria.<\/p>\n\n\n\n<p>Tuttavia vorrei semplicemente farvi riflettere su un paio di aspetti.<\/p>\n\n\n\n<p>Prima di tutto vorrei farvi notare che la societ\u00e0 molto spesso ci ha instillato delle credenze che ci frenano, per cui l&#8217;idea di voler essere pi\u00f9 attraenti viene vissuta come un tab\u00f9, ma signori miei, il fatto che un uomo voglia acquisire pi\u00f9 fascino non \u00e8 una cosa di cui vergognarsi.<\/p>\n\n\n\n<h4 class=\"wp-block-heading\"><strong>Migliorare il proprio fascino <\/strong><\/h4>\n\n\n\n<p>Migliorare il proprio fascino \u00e8 possibile, e si pu\u00f2 fare semplicemente utilizzando il singolo fattore che spiegher\u00f2 in questo articolo.<\/p>\n\n\n\n<p>C&#8217;\u00e8 una cosa che ha il potere di cambiare la nostra immagine all&#8217;istante, anche senza modificare il nostro stile personale.<\/p>\n\n\n\n<p>Non dovrete modificare il vostro modo di vestire, il vostro stile, il tipo di abito e di accessori che usate normalmente.<\/p>\n\n\n\n<p>Ma dovrete considerare un singolo fattore, un singolo elemento in grado di farvi acquisire pi\u00f9 fascino all&#8217;istante e senza particolari sforzi.<br> Di cosa si tratta? Semplice: della vestibilit\u00e0. Il fit. Chiamatelo come volete: in sostanza, tutto dipende dalla taglia dei vostri vestiti.<\/p>\n\n\n\n<figure class=\"wp-block-image alignwide size-large\"><img decoding=\"async\" loading=\"lazy\" width=\"1024\" height=\"1013\" src=\"https:\/\/cercolinfo.it\/wp-content\/uploads\/2020\/02\/AD8C4480-4339-4C1F-BE7B-11D5A45E8E40.jpeg\" alt=\"\" class=\"wp-image-4833\" srcset=\"https:\/\/www.cercolinfo.it\/wp-content\/uploads\/2020\/02\/AD8C4480-4339-4C1F-BE7B-11D5A45E8E40.jpeg 1024w, https:\/\/www.cercolinfo.it\/wp-content\/uploads\/2020\/02\/AD8C4480-4339-4C1F-BE7B-11D5A45E8E40-300x297.jpeg 300w, https:\/\/www.cercolinfo.it\/wp-content\/uploads\/2020\/02\/AD8C4480-4339-4C1F-BE7B-11D5A45E8E40-768x760.jpeg 768w\" sizes=\"(max-width: 1024px) 100vw, 1024px\" \/><figcaption>Foto 2<\/figcaption><\/figure>\n\n\n\n<h4 class=\"wp-block-heading\"><strong>La giusta taglia per un abito <\/strong><\/h4>\n\n\n\n<p>Ma &#8220;taglia&#8221; \u00e8 un termine impreciso e generico: la vestibilit\u00e0 \u00e8 un concetto pi\u00f9 ampio e complesso. Quindi vediamo come fare e scriviamo qualche appunto come al solito.<\/p>\n\n\n\n<p><em>Appunti: Per prima cosa bisogna prestare la massima attenzione alla taglia dei pantaloni. <\/em><\/p>\n\n\n\n<figure class=\"wp-block-image alignwide size-large\"><img decoding=\"async\" loading=\"lazy\" width=\"1024\" height=\"1018\" src=\"https:\/\/cercolinfo.it\/wp-content\/uploads\/2020\/02\/814BFE8D-E2D7-4DED-ABF1-A72ECF7F5AFD.jpeg\" alt=\"\" class=\"wp-image-4834\" srcset=\"https:\/\/www.cercolinfo.it\/wp-content\/uploads\/2020\/02\/814BFE8D-E2D7-4DED-ABF1-A72ECF7F5AFD.jpeg 1024w, https:\/\/www.cercolinfo.it\/wp-content\/uploads\/2020\/02\/814BFE8D-E2D7-4DED-ABF1-A72ECF7F5AFD-300x298.jpeg 300w, https:\/\/www.cercolinfo.it\/wp-content\/uploads\/2020\/02\/814BFE8D-E2D7-4DED-ABF1-A72ECF7F5AFD-150x150.jpeg 150w, https:\/\/www.cercolinfo.it\/wp-content\/uploads\/2020\/02\/814BFE8D-E2D7-4DED-ABF1-A72ECF7F5AFD-768x764.jpeg 768w\" sizes=\"(max-width: 1024px) 100vw, 1024px\" \/><figcaption>Foto 3<\/figcaption><\/figure>\n\n\n\n<h4 class=\"wp-block-heading\"><strong>Pantaloni eleganti o da completo<\/strong><\/h4>\n\n\n\n<p>Nel caso di pantaloni eleganti o da completo, devono essere stretti al punto giusto: niente pantaloni troppo stretti ma nemmeno pantaloni troppo larghi.<\/p>\n\n\n\n<p>Nel complesso, nella stragrande maggioranza dei casi, vedo in giro pantaloni troppo grandi, e pure troppo lunghi. <\/p>\n\n\n\n<p>Il pantalone deve essere perfetto: lunghezza studiata al millimetro, e larghezza altrettanto chirurgica. Deve consentire i movimenti ma non creare delle pieghe inutili n\u00e9 tantomeno delle &#8220;sacche&#8221; di tessuto. <\/p>\n\n\n\n<p><em>Appunti: Il fit della giacca deve essere perfetto. Il confine \u00e8 sottilissimo, e non a caso \u00e8 difficile da trovare. Prendetevi del tempo per valutare ogni aspetto della giacca<\/em> <em>per il vostro abito.<\/em><\/p>\n\n\n\n<figure class=\"wp-block-image alignwide size-large\"><img decoding=\"async\" loading=\"lazy\" width=\"1024\" height=\"1016\" src=\"https:\/\/cercolinfo.it\/wp-content\/uploads\/2020\/02\/9A21DDD3-86F4-4FE0-9BBF-895F97563907.jpeg\" alt=\"\" class=\"wp-image-4835\" srcset=\"https:\/\/www.cercolinfo.it\/wp-content\/uploads\/2020\/02\/9A21DDD3-86F4-4FE0-9BBF-895F97563907.jpeg 1024w, https:\/\/www.cercolinfo.it\/wp-content\/uploads\/2020\/02\/9A21DDD3-86F4-4FE0-9BBF-895F97563907-300x298.jpeg 300w, https:\/\/www.cercolinfo.it\/wp-content\/uploads\/2020\/02\/9A21DDD3-86F4-4FE0-9BBF-895F97563907-150x150.jpeg 150w, https:\/\/www.cercolinfo.it\/wp-content\/uploads\/2020\/02\/9A21DDD3-86F4-4FE0-9BBF-895F97563907-768x762.jpeg 768w\" sizes=\"(max-width: 1024px) 100vw, 1024px\" \/><figcaption>Foto 4<\/figcaption><\/figure>\n\n\n\n<h4 class=\"wp-block-heading\"><strong>La giacca<\/strong><\/h4>\n\n\n\n<p>Stessa cosa vale per la giacca. Anzi, nel caso della giacca \u00e8 persino ancora pi\u00f9 cruciale. Deve fasciare il corpo, mettendo in risalto i lati positivi del fisico. E allo stesso tempo mascherarne i lati negativi.<\/p>\n\n\n\n<p>La giacca da sola, se ha la giusta vestibilit\u00e0, \u00e8 in grado di aumentare in maniera esponenziale il nostro fascino perch\u00e9 far\u00e0 sembrare pi\u00f9 &#8220;virile&#8221;.<\/p>\n\n\n\n<p>Una giacca giusta, ammesso che il nostro fisico lo consenta, far\u00e0 sembrare il girovita pi\u00f9 stretto di quanto non sia realmente, mentre allo stesso tempo allargher\u00e0 le spalle, dando un&#8217;impressione di virilit\u00e0 e di prestanza fisica maggiore rispetto a quella che si ha naturalmente.<\/p>\n\n\n\n<p>Per\u00f2 la giacca deve essere perfetta. Deve fasciare le braccia e le spalle ma senza far intuire le forme che stanno sotto.<\/p>\n\n\n\n<h4 class=\"wp-block-heading\"><strong>La giacca per gli uomini muscolosi<\/strong><\/h4>\n\n\n\n<p>Ad esempio, nel caso si uomini particolarmente muscolosi, una giacca da cui si intuisce la forma del bicipite non \u00e8 una cosa buona: sembrer\u00e0 troppo stretta e darai l&#8217;impressione di un &#8220;salame&#8221;. Il corpo deve essere messo in risalto ma non fasciato in maniera troppo stretta. <\/p>\n\n\n\n<p>In un semplice articolo non posso scendere pi\u00f9 nel dettaglio perch\u00e9 non esistono consigli generici: occorre valutare caso per caso.  Ma nel caso di questo articolo, dove il focus \u00e8 scegliere un abito, possiamo dire che:<\/p>\n\n\n\n<p><em>Appunti: Un abito che veste bene, ma \u00e8 di un tessuto scadente, \u00e8 comunque da preferire rispetto a un abito pregiato e costoso, con un bel taglio, che per\u00f2 non veste alla perfezione.<\/em><\/p>\n\n\n\n<figure class=\"wp-block-image alignwide size-large\"><img decoding=\"async\" loading=\"lazy\" width=\"1024\" height=\"1008\" src=\"https:\/\/cercolinfo.it\/wp-content\/uploads\/2020\/02\/70D29B72-477F-4ED3-A2C6-F59B08206185.jpeg\" alt=\"\" class=\"wp-image-4836\" srcset=\"https:\/\/www.cercolinfo.it\/wp-content\/uploads\/2020\/02\/70D29B72-477F-4ED3-A2C6-F59B08206185.jpeg 1024w, https:\/\/www.cercolinfo.it\/wp-content\/uploads\/2020\/02\/70D29B72-477F-4ED3-A2C6-F59B08206185-300x295.jpeg 300w, https:\/\/www.cercolinfo.it\/wp-content\/uploads\/2020\/02\/70D29B72-477F-4ED3-A2C6-F59B08206185-768x756.jpeg 768w\" sizes=\"(max-width: 1024px) 100vw, 1024px\" \/><figcaption>Foto 5<\/figcaption><\/figure>\n\n\n\n<p>Questo discorso vale soprattutto per quanto riguarda il fascino di cui sopra, poich\u00e9 vale il sillogismo: Il fascino dipende dalle forme. Le forme le decide il completo, il tipo di completo lo decide la giacca.<\/p>\n\n\n\n<h4 class=\"wp-block-heading\"><strong>Il cappotto<\/strong><\/h4>\n\n\n\n<p>Stessa cosa vale per il cappotto &#8211; sia invernale che da mezza stagione, ad esempio nel caso del trench.<\/p>\n\n\n\n<p>\u00c8 abbastanza inutile che vi impegniate negli abbinamenti, se poi le giacche che indossate non sono perfette a livello di taglia; o hanno le maniche troppo lunghe o troppo corte.<\/p>\n\n\n\n<p>La lunghezza della giacca, ad esempio, \u00e8 una delle cose pi\u00f9 difficili da azzeccare. Solo un uomo su dieci indossa una giacca della lunghezza giusta.<\/p>\n\n\n\n<p>Purtroppo \u00e8 questa la triste realt\u00e0 ed \u00e8 molto probabile che noi rientriamo fra quei nove (parlo a livello numerico, le probabilit\u00e0 giocano a nostro sfavore).<\/p>\n\n\n\n<p>S\u00ec, mi ci metto anche io, e mi spiego: In quanti di voi hanno pensato che mi rifessi alla lunghezza del busto e non a quelle delle maniche? Bene se avete pensato alle maniche, siete nei nove decimi. Mi spiace.<\/p>\n\n\n\n<figure class=\"wp-block-image alignwide size-large\"><img decoding=\"async\" loading=\"lazy\" width=\"1024\" height=\"671\" src=\"https:\/\/cercolinfo.it\/wp-content\/uploads\/2020\/02\/14A24D76-AAC9-4C22-825A-A11CB20DC2CA.jpeg\" alt=\"\" class=\"wp-image-4840\" srcset=\"https:\/\/www.cercolinfo.it\/wp-content\/uploads\/2020\/02\/14A24D76-AAC9-4C22-825A-A11CB20DC2CA.jpeg 1024w, https:\/\/www.cercolinfo.it\/wp-content\/uploads\/2020\/02\/14A24D76-AAC9-4C22-825A-A11CB20DC2CA-300x197.jpeg 300w, https:\/\/www.cercolinfo.it\/wp-content\/uploads\/2020\/02\/14A24D76-AAC9-4C22-825A-A11CB20DC2CA-768x503.jpeg 768w\" sizes=\"(max-width: 1024px) 100vw, 1024px\" \/><figcaption>Foto 6<\/figcaption><\/figure>\n\n\n\n<h4 class=\"wp-block-heading\"><strong>Un buon lavoro di studio <\/strong><\/h4>\n\n\n\n<p>Tutto questo pu\u00f2 essere risolto con un lavoro di studio come magari ho fatto io e che sto condividendo articolo dopo articolo con voi, ma sappiate che questo \u00e8 solo il punto di partenza: per prima cosa bisogna imparare come fare e cosa fare.<\/p>\n\n\n\n<p>Poi dovete trovare un buon sarto che esegua quello che gli chiediate. In generale, va bene affidarsi a un sarto, ma non va fatto ciecamente: dovrete essere voi a dirgli cosa volete che faccia.<\/p>\n\n\n\n<p>Lui vi consiglier\u00e0, ma spesso lo far\u00e0 in maniera limitata. Ci sono sarti bravissimi, ma spesso hanno una visione un po&#8217; &#8220;datata&#8221;.<\/p>\n\n\n\n<p>In molti casi sono anziani, e sono rimasti a qualche anno fa (o decennio fa). Per cui saranno molto rigidi e restii ad accettare le vostre indicazioni, convincendovi magari che sono sbagliate.<\/p>\n\n\n\n<p>Ma ricordate quello che ci siamo detti tante volte: Noi decidiamo la nostra immagine, il nostro stile, e la nostra vestibilit\u00e0. Lui esegue. Magari ci consiglia, ma l&#8217;ultima parola spetta a noi. Quindi\u2026<\/p>\n\n\n\n<p><em>Appunti: Non lasciarsi manipolare e abbindolare dai sarti n\u00e9 dalle commesse!<\/em><\/p>\n\n\n\n<figure class=\"wp-block-image alignwide size-large\"><img decoding=\"async\" loading=\"lazy\" width=\"1024\" height=\"1008\" src=\"https:\/\/cercolinfo.it\/wp-content\/uploads\/2020\/02\/05179334-878F-4B91-9FE0-E15853C0E059.jpeg\" alt=\"\" class=\"wp-image-4837\" srcset=\"https:\/\/www.cercolinfo.it\/wp-content\/uploads\/2020\/02\/05179334-878F-4B91-9FE0-E15853C0E059.jpeg 1024w, https:\/\/www.cercolinfo.it\/wp-content\/uploads\/2020\/02\/05179334-878F-4B91-9FE0-E15853C0E059-300x295.jpeg 300w, https:\/\/www.cercolinfo.it\/wp-content\/uploads\/2020\/02\/05179334-878F-4B91-9FE0-E15853C0E059-768x756.jpeg 768w\" sizes=\"(max-width: 1024px) 100vw, 1024px\" \/><figcaption>Foto 7<\/figcaption><\/figure>\n\n\n\n<p>Dio ce ne scampi, queste sono ancora peggio in quanto a &#8220;consigli&#8221;. Non hanno un&#8217;idea di ci\u00f2 che dicono: non sono formate a dovere sull&#8217;eleganza maschile, e in quei rarissimi casi in cui lo sono, sono formate in maniera istituzionale e non sono in grado di pensare &#8220;al di fuori della scatola&#8221;. Hanno memorizzato due nozioni e le vomitano addosso a ogni cliente.<\/p>\n\n\n\n<p>Il loro interesse \u00e8 quello di vendervi qualcosa. Punto. Quindi il loro consiglio sar\u00e0 sempre di parte. Non sar\u00e0 mai pulito e disinteressato, proprio perch\u00e9 sussiste un chiaro conflitto di interesse.<\/p>\n\n\n\n<p>Ecco perch\u00e9 potete ascoltare le commesse, annuire, e fare tesoro di quello che dicono\u2026 ma dovrete decidere sempre e solo con la vostra testa. Sviluppando un vostro metro di giudizio e una vostra capacit\u00e0 di decisione.<\/p>\n\n\n\n<p>Ecco perch\u00e9 \u00e8 fondamentale che imparare a decidere, distinguere, riconoscere. Poi eventualmente vi affiderete ai consigli esterni di un sarto o di una commessa, ma di base sapete gi\u00e0 cosa volete.<br><\/p>\n\n\n\n<p>L\u2019errore pi\u00f9 grande che si possa commettere in questo senso \u00e8 entrare in un negozio e dire: \u201cmi serve un abito, non so, faccia lei\u201d.<\/p>\n\n\n\n<figure class=\"wp-block-image alignwide size-large\"><img decoding=\"async\" loading=\"lazy\" width=\"1024\" height=\"1024\" src=\"https:\/\/cercolinfo.it\/wp-content\/uploads\/2020\/02\/EEF5DB67-98DF-41AD-9009-727225FF2355.jpeg\" alt=\"\" class=\"wp-image-4838\" srcset=\"https:\/\/www.cercolinfo.it\/wp-content\/uploads\/2020\/02\/EEF5DB67-98DF-41AD-9009-727225FF2355.jpeg 1024w, https:\/\/www.cercolinfo.it\/wp-content\/uploads\/2020\/02\/EEF5DB67-98DF-41AD-9009-727225FF2355-300x300.jpeg 300w, https:\/\/www.cercolinfo.it\/wp-content\/uploads\/2020\/02\/EEF5DB67-98DF-41AD-9009-727225FF2355-150x150.jpeg 150w, https:\/\/www.cercolinfo.it\/wp-content\/uploads\/2020\/02\/EEF5DB67-98DF-41AD-9009-727225FF2355-768x768.jpeg 768w\" sizes=\"(max-width: 1024px) 100vw, 1024px\" \/><figcaption>Foto 8<\/figcaption><\/figure>\n\n\n\n<h4 class=\"wp-block-heading\"><strong>Diffidate dei consulenti<\/strong><\/h4>\n\n\n\n<p>Certo, capire tutto questo da soli non \u00e8 facile. Lo so. Ecco perch\u00e9 vi invito a diffidare dei consulenti d&#8217;immagine generici, specialmente delle donne, che vi consigliano cosa indossare ma non sono specializzate in eleganza e molto spesso non sono nemmeno specializzate in abbigliamento maschile.<\/p>\n\n\n\n<p>Fanno un po&#8217; di tutto. E se sono donne hanno anche un altro problema: sanno tutto ma non lo mettono in pratica loro stesse.<\/p>\n\n\n\n<p>Vi consigliano, ma essendo donne non hanno provato in prima persona quello che consigliano.<\/p>\n\n\n\n<p>Lo fanno cos\u00ec, a &#8220;intuito&#8221;. In base ai colori e alle fantasie per lo pi\u00f9, o in base alle ultime tendenze viste su qualche rivista.<\/p>\n\n\n\n<p>Vi sembra normale? \u00c8 come se io andassi a lezione di paracadutismo da una persona appassionata di paracadutismo ma che non ha il brevetto da istruttore e non si \u00e8 mai lanciata da un aereo in corsa.<\/p>\n\n\n\n<p>Secondo voi ha senso? Vi affideresti a una persona simile? Vi  lancereste da un aereo dopo aver preso &#8220;lezioni&#8221; da qualcuno che non lo ha mai fatto in prima persona?<\/p>\n\n\n\n<p>Ecco, facendo la stessa cosa ogni volta che chiedete un &#8220;consiglio&#8221; a una consulente di immagine che tratta uomini e donne allo stesso modo, che lavora con muratori o con avvocati o con impiegati di banca o con dipendenti del catasto. Senza alcuna distinzione n\u00e9 tantomeno specializzazione.<\/p>\n\n\n\n<figure class=\"wp-block-image alignwide size-large\"><img decoding=\"async\" loading=\"lazy\" width=\"1024\" height=\"1000\" src=\"https:\/\/cercolinfo.it\/wp-content\/uploads\/2020\/02\/DDD2056F-E5D1-457D-92E4-20C0EA4BCA67.jpeg\" alt=\"\" class=\"wp-image-4839\" srcset=\"https:\/\/www.cercolinfo.it\/wp-content\/uploads\/2020\/02\/DDD2056F-E5D1-457D-92E4-20C0EA4BCA67.jpeg 1024w, https:\/\/www.cercolinfo.it\/wp-content\/uploads\/2020\/02\/DDD2056F-E5D1-457D-92E4-20C0EA4BCA67-300x293.jpeg 300w, https:\/\/www.cercolinfo.it\/wp-content\/uploads\/2020\/02\/DDD2056F-E5D1-457D-92E4-20C0EA4BCA67-768x750.jpeg 768w\" sizes=\"(max-width: 1024px) 100vw, 1024px\" \/><figcaption>Foto 9<\/figcaption><\/figure>\n\n\n\n<p>Quindi scusate la digressione ma questo tema andava chiarito. Detto questo, Il primo passo da fare \u00e8 cominciare a costruire una visione. <\/p>\n\n\n\n<p>E questo, se vi va, lo faremo qui su questa rubrica. Come detto, in questa nuova stagione di eleganza ci soffermeremo molto sui dettagli di ogni singolo aspetto dell\u2019immagine maschile, sar\u00e0 un po\u2019 come fare uno zoom per poi alla fine, avere il quadro completo.<\/p>\n\n\n\n<p>Mim\u00ed.<\/p>\n\n\n\n<h4 class=\"wp-block-heading\">Leggi anche:<\/h4>\n\n\n\n<figure class=\"wp-block-embed-wordpress wp-block-embed is-type-wp-embed is-provider-cercolinfo\"><div class=\"wp-block-embed__wrapper\">\n<blockquote class=\"wp-embedded-content\" data-secret=\"EDW0tK1TnY\"><a href=\"https:\/\/cercolinfo.it\/index.php\/2020\/01\/31\/35-tiriamo-le-somme-e-ripartiamo\/\">35 &#8211; Tiriamo le somme e ripartiamo<\/a><\/blockquote><iframe title=\"&#8220;35 &#8211; Tiriamo le somme e ripartiamo&#8221; &#8212; CERCOLINFO\" class=\"wp-embedded-content\" sandbox=\"allow-scripts\" security=\"restricted\" style=\"position: absolute; clip: rect(1px, 1px, 1px, 1px);\" src=\"https:\/\/cercolinfo.it\/index.php\/2020\/01\/31\/35-tiriamo-le-somme-e-ripartiamo\/embed\/#?secret=EDW0tK1TnY\" data-secret=\"EDW0tK1TnY\" width=\"600\" height=\"338\" frameborder=\"0\" marginwidth=\"0\" marginheight=\"0\" scrolling=\"no\"><\/iframe>\n<\/div><\/figure>\n\n\n\n<p>Leggi anche: <a href=\"https:\/\/cercolinfo.it\/index.php\/2020\/01\/31\/35-tiriamo-le-somme-e-ripartiamo\/\">https:\/\/cercolinfo.it\/index.php\/2020\/01\/31\/35-tiriamo-le-somme-e-ripartiamo\/<\/a><\/p>\n","protected":false},"excerpt":{"rendered":"<p>Sul giornale parlo spesso dell&#8217;importanza dell&#8217;eleganza nella sfera professionale. Come dico sempre, per avere successo bisogna prima di tutto apparire di successo e scegliere un ottimo abito. E questo attira&#8230; <a class=\"read-more\" href=\"https:\/\/www.cercolinfo.it\/index.php\/2020\/02\/28\/36-come-si-sceglie-un-abito\/\">[Continua a leggere]<\/a><\/p>\n","protected":false},"author":1,"featured_media":1334,"comment_status":"open","ping_status":"open","sticky":false,"template":"","format":"standard","meta":[],"categories":[6],"tags":[95,1782,1783,184,142,17,1678,1742,1743,38,1744,1735],"yoast_head":"<!-- This site is optimized with the Yoast SEO plugin v20.5 - https:\/\/yoast.com\/wordpress\/plugins\/seo\/ -->\n<title>36 - Come si sceglie un abito? - CERCOLINFO<\/title>\n<meta name=\"description\" content=\"Sul giornale parlo spesso dell&#039;importanza dell&#039;eleganza nella sfera professionale. Come dico sempre, per avere successo scegliere un buon abito.\" \/>\n<meta name=\"robots\" content=\"index, follow, max-snippet:-1, max-image-preview:large, max-video-preview:-1\" \/>\n<link rel=\"canonical\" href=\"https:\/\/www.cercolinfo.it\/index.php\/2020\/02\/28\/36-come-si-sceglie-un-abito\/\" \/>\n<meta property=\"og:locale\" content=\"it_IT\" \/>\n<meta property=\"og:type\" content=\"article\" \/>\n<meta property=\"og:title\" content=\"36 - Come si sceglie un abito? - CERCOLINFO\" \/>\n<meta property=\"og:description\" content=\"Sul giornale parlo spesso dell&#039;importanza dell&#039;eleganza nella sfera professionale. Come dico sempre, per avere successo scegliere un buon abito.\" \/>\n<meta property=\"og:url\" content=\"https:\/\/www.cercolinfo.it\/index.php\/2020\/02\/28\/36-come-si-sceglie-un-abito\/\" \/>\n<meta property=\"og:site_name\" content=\"CERCOLINFO\" \/>\n<meta property=\"article:publisher\" content=\"https:\/\/it-it.facebook.com\/cercolinfo\/\" \/>\n<meta property=\"article:published_time\" content=\"2020-02-28T12:58:36+00:00\" \/>\n<meta property=\"article:modified_time\" content=\"2020-02-28T12:58:40+00:00\" \/>\n<meta property=\"og:image\" content=\"https:\/\/www.cercolinfo.it\/wp-content\/uploads\/2019\/05\/rubrica-1-768x512.jpg\" \/>\n\t<meta property=\"og:image:width\" content=\"768\" \/>\n\t<meta property=\"og:image:height\" content=\"512\" \/>\n\t<meta property=\"og:image:type\" content=\"image\/jpeg\" \/>\n<meta name=\"author\" content=\"admin\" \/>\n<meta name=\"twitter:card\" content=\"summary_large_image\" \/>\n<meta name=\"twitter:label1\" content=\"Scritto da\" \/>\n\t<meta name=\"twitter:data1\" content=\"admin\" \/>\n\t<meta name=\"twitter:label2\" content=\"Tempo di lettura stimato\" \/>\n\t<meta name=\"twitter:data2\" content=\"8 minuti\" \/>\n<script type=\"application\/ld+json\" class=\"yoast-schema-graph\">{\"@context\":\"https:\/\/schema.org\",\"@graph\":[{\"@type\":\"Article\",\"@id\":\"https:\/\/www.cercolinfo.it\/index.php\/2020\/02\/28\/36-come-si-sceglie-un-abito\/#article\",\"isPartOf\":{\"@id\":\"https:\/\/www.cercolinfo.it\/index.php\/2020\/02\/28\/36-come-si-sceglie-un-abito\/\"},\"author\":{\"name\":\"admin\",\"@id\":\"https:\/\/www.cercolinfo.it\/#\/schema\/person\/9b04219f1b8ff5360f0de12d1283dc15\"},\"headline\":\"36 &#8211; Come si sceglie un abito?\",\"datePublished\":\"2020-02-28T12:58:36+00:00\",\"dateModified\":\"2020-02-28T12:58:40+00:00\",\"mainEntityOfPage\":{\"@id\":\"https:\/\/www.cercolinfo.it\/index.php\/2020\/02\/28\/36-come-si-sceglie-un-abito\/\"},\"wordCount\":1543,\"commentCount\":0,\"publisher\":{\"@id\":\"https:\/\/www.cercolinfo.it\/#organization\"},\"keywords\":[\"#eleganzamaschile\",\"#scelta abito\",\"#sceltaabito\",\"#stile\",\"abito\",\"eleganza\",\"fascino\",\"fit\",\"giacche\",\"moda\",\"pantaloni\",\"uomini\"],\"articleSection\":[\"Viaggi - Salute - Moda\"],\"inLanguage\":\"it-IT\",\"potentialAction\":[{\"@type\":\"CommentAction\",\"name\":\"Comment\",\"target\":[\"https:\/\/www.cercolinfo.it\/index.php\/2020\/02\/28\/36-come-si-sceglie-un-abito\/#respond\"]}]},{\"@type\":\"WebPage\",\"@id\":\"https:\/\/www.cercolinfo.it\/index.php\/2020\/02\/28\/36-come-si-sceglie-un-abito\/\",\"url\":\"https:\/\/www.cercolinfo.it\/index.php\/2020\/02\/28\/36-come-si-sceglie-un-abito\/\",\"name\":\"36 - Come si sceglie un abito? - CERCOLINFO\",\"isPartOf\":{\"@id\":\"https:\/\/www.cercolinfo.it\/#website\"},\"datePublished\":\"2020-02-28T12:58:36+00:00\",\"dateModified\":\"2020-02-28T12:58:40+00:00\",\"description\":\"Sul giornale parlo spesso dell'importanza dell'eleganza nella sfera professionale. Come dico sempre, per avere successo scegliere un buon abito.\",\"breadcrumb\":{\"@id\":\"https:\/\/www.cercolinfo.it\/index.php\/2020\/02\/28\/36-come-si-sceglie-un-abito\/#breadcrumb\"},\"inLanguage\":\"it-IT\",\"potentialAction\":[{\"@type\":\"ReadAction\",\"target\":[\"https:\/\/www.cercolinfo.it\/index.php\/2020\/02\/28\/36-come-si-sceglie-un-abito\/\"]}]},{\"@type\":\"BreadcrumbList\",\"@id\":\"https:\/\/www.cercolinfo.it\/index.php\/2020\/02\/28\/36-come-si-sceglie-un-abito\/#breadcrumb\",\"itemListElement\":[{\"@type\":\"ListItem\",\"position\":1,\"name\":\"Home\",\"item\":\"https:\/\/www.cercolinfo.it\/\"},{\"@type\":\"ListItem\",\"position\":2,\"name\":\"36 &#8211; Come si sceglie un abito?\"}]},{\"@type\":\"WebSite\",\"@id\":\"https:\/\/www.cercolinfo.it\/#website\",\"url\":\"https:\/\/www.cercolinfo.it\/\",\"name\":\"CERCOLINFO\",\"description\":\"Periodico gratuito d&#039;informazione\",\"publisher\":{\"@id\":\"https:\/\/www.cercolinfo.it\/#organization\"},\"potentialAction\":[{\"@type\":\"SearchAction\",\"target\":{\"@type\":\"EntryPoint\",\"urlTemplate\":\"https:\/\/www.cercolinfo.it\/?s={search_term_string}\"},\"query-input\":\"required name=search_term_string\"}],\"inLanguage\":\"it-IT\"},{\"@type\":\"Organization\",\"@id\":\"https:\/\/www.cercolinfo.it\/#organization\",\"name\":\"Proloco Cercola\",\"url\":\"https:\/\/www.cercolinfo.it\/\",\"logo\":{\"@type\":\"ImageObject\",\"inLanguage\":\"it-IT\",\"@id\":\"https:\/\/www.cercolinfo.it\/#\/schema\/logo\/image\/\",\"url\":\"https:\/\/www.cercolinfo.it\/wp-content\/uploads\/2019\/02\/cropped-CERCOLINFO.png\",\"contentUrl\":\"https:\/\/www.cercolinfo.it\/wp-content\/uploads\/2019\/02\/cropped-CERCOLINFO.png\",\"width\":192,\"height\":53,\"caption\":\"Proloco Cercola\"},\"image\":{\"@id\":\"https:\/\/www.cercolinfo.it\/#\/schema\/logo\/image\/\"},\"sameAs\":[\"https:\/\/it-it.facebook.com\/cercolinfo\/\"]},{\"@type\":\"Person\",\"@id\":\"https:\/\/www.cercolinfo.it\/#\/schema\/person\/9b04219f1b8ff5360f0de12d1283dc15\",\"name\":\"admin\",\"image\":{\"@type\":\"ImageObject\",\"inLanguage\":\"it-IT\",\"@id\":\"https:\/\/www.cercolinfo.it\/#\/schema\/person\/image\/\",\"url\":\"https:\/\/secure.gravatar.com\/avatar\/9da6c62f1a357a43f6c7a7e5a3ac1119?s=96&d=mm&r=g\",\"contentUrl\":\"https:\/\/secure.gravatar.com\/avatar\/9da6c62f1a357a43f6c7a7e5a3ac1119?s=96&d=mm&r=g\",\"caption\":\"admin\"},\"url\":\"https:\/\/www.cercolinfo.it\/index.php\/author\/adituoro_bi9nrhr1\/\"}]}<\/script>\n<!-- \/ Yoast SEO plugin. -->","yoast_head_json":{"title":"36 - Come si sceglie un abito? - CERCOLINFO","description":"Sul giornale parlo spesso dell'importanza dell'eleganza nella sfera professionale. Come dico sempre, per avere successo scegliere un buon abito.","robots":{"index":"index","follow":"follow","max-snippet":"max-snippet:-1","max-image-preview":"max-image-preview:large","max-video-preview":"max-video-preview:-1"},"canonical":"https:\/\/www.cercolinfo.it\/index.php\/2020\/02\/28\/36-come-si-sceglie-un-abito\/","og_locale":"it_IT","og_type":"article","og_title":"36 - Come si sceglie un abito? - CERCOLINFO","og_description":"Sul giornale parlo spesso dell'importanza dell'eleganza nella sfera professionale. Come dico sempre, per avere successo scegliere un buon abito.","og_url":"https:\/\/www.cercolinfo.it\/index.php\/2020\/02\/28\/36-come-si-sceglie-un-abito\/","og_site_name":"CERCOLINFO","article_publisher":"https:\/\/it-it.facebook.com\/cercolinfo\/","article_published_time":"2020-02-28T12:58:36+00:00","article_modified_time":"2020-02-28T12:58:40+00:00","og_image":[{"width":768,"height":512,"url":"https:\/\/www.cercolinfo.it\/wp-content\/uploads\/2019\/05\/rubrica-1-768x512.jpg","type":"image\/jpeg"}],"author":"admin","twitter_card":"summary_large_image","twitter_misc":{"Scritto da":"admin","Tempo di lettura stimato":"8 minuti"},"schema":{"@context":"https:\/\/schema.org","@graph":[{"@type":"Article","@id":"https:\/\/www.cercolinfo.it\/index.php\/2020\/02\/28\/36-come-si-sceglie-un-abito\/#article","isPartOf":{"@id":"https:\/\/www.cercolinfo.it\/index.php\/2020\/02\/28\/36-come-si-sceglie-un-abito\/"},"author":{"name":"admin","@id":"https:\/\/www.cercolinfo.it\/#\/schema\/person\/9b04219f1b8ff5360f0de12d1283dc15"},"headline":"36 &#8211; Come si sceglie un abito?","datePublished":"2020-02-28T12:58:36+00:00","dateModified":"2020-02-28T12:58:40+00:00","mainEntityOfPage":{"@id":"https:\/\/www.cercolinfo.it\/index.php\/2020\/02\/28\/36-come-si-sceglie-un-abito\/"},"wordCount":1543,"commentCount":0,"publisher":{"@id":"https:\/\/www.cercolinfo.it\/#organization"},"keywords":["#eleganzamaschile","#scelta abito","#sceltaabito","#stile","abito","eleganza","fascino","fit","giacche","moda","pantaloni","uomini"],"articleSection":["Viaggi - Salute - Moda"],"inLanguage":"it-IT","potentialAction":[{"@type":"CommentAction","name":"Comment","target":["https:\/\/www.cercolinfo.it\/index.php\/2020\/02\/28\/36-come-si-sceglie-un-abito\/#respond"]}]},{"@type":"WebPage","@id":"https:\/\/www.cercolinfo.it\/index.php\/2020\/02\/28\/36-come-si-sceglie-un-abito\/","url":"https:\/\/www.cercolinfo.it\/index.php\/2020\/02\/28\/36-come-si-sceglie-un-abito\/","name":"36 - Come si sceglie un abito? - CERCOLINFO","isPartOf":{"@id":"https:\/\/www.cercolinfo.it\/#website"},"datePublished":"2020-02-28T12:58:36+00:00","dateModified":"2020-02-28T12:58:40+00:00","description":"Sul giornale parlo spesso dell'importanza dell'eleganza nella sfera professionale. Come dico sempre, per avere successo scegliere un buon abito.","breadcrumb":{"@id":"https:\/\/www.cercolinfo.it\/index.php\/2020\/02\/28\/36-come-si-sceglie-un-abito\/#breadcrumb"},"inLanguage":"it-IT","potentialAction":[{"@type":"ReadAction","target":["https:\/\/www.cercolinfo.it\/index.php\/2020\/02\/28\/36-come-si-sceglie-un-abito\/"]}]},{"@type":"BreadcrumbList","@id":"https:\/\/www.cercolinfo.it\/index.php\/2020\/02\/28\/36-come-si-sceglie-un-abito\/#breadcrumb","itemListElement":[{"@type":"ListItem","position":1,"name":"Home","item":"https:\/\/www.cercolinfo.it\/"},{"@type":"ListItem","position":2,"name":"36 &#8211; Come si sceglie un abito?"}]},{"@type":"WebSite","@id":"https:\/\/www.cercolinfo.it\/#website","url":"https:\/\/www.cercolinfo.it\/","name":"CERCOLINFO","description":"Periodico gratuito d&#039;informazione","publisher":{"@id":"https:\/\/www.cercolinfo.it\/#organization"},"potentialAction":[{"@type":"SearchAction","target":{"@type":"EntryPoint","urlTemplate":"https:\/\/www.cercolinfo.it\/?s={search_term_string}"},"query-input":"required name=search_term_string"}],"inLanguage":"it-IT"},{"@type":"Organization","@id":"https:\/\/www.cercolinfo.it\/#organization","name":"Proloco Cercola","url":"https:\/\/www.cercolinfo.it\/","logo":{"@type":"ImageObject","inLanguage":"it-IT","@id":"https:\/\/www.cercolinfo.it\/#\/schema\/logo\/image\/","url":"https:\/\/www.cercolinfo.it\/wp-content\/uploads\/2019\/02\/cropped-CERCOLINFO.png","contentUrl":"https:\/\/www.cercolinfo.it\/wp-content\/uploads\/2019\/02\/cropped-CERCOLINFO.png","width":192,"height":53,"caption":"Proloco Cercola"},"image":{"@id":"https:\/\/www.cercolinfo.it\/#\/schema\/logo\/image\/"},"sameAs":["https:\/\/it-it.facebook.com\/cercolinfo\/"]},{"@type":"Person","@id":"https:\/\/www.cercolinfo.it\/#\/schema\/person\/9b04219f1b8ff5360f0de12d1283dc15","name":"admin","image":{"@type":"ImageObject","inLanguage":"it-IT","@id":"https:\/\/www.cercolinfo.it\/#\/schema\/person\/image\/","url":"https:\/\/secure.gravatar.com\/avatar\/9da6c62f1a357a43f6c7a7e5a3ac1119?s=96&d=mm&r=g","contentUrl":"https:\/\/secure.gravatar.com\/avatar\/9da6c62f1a357a43f6c7a7e5a3ac1119?s=96&d=mm&r=g","caption":"admin"},"url":"https:\/\/www.cercolinfo.it\/index.php\/author\/adituoro_bi9nrhr1\/"}]}},"_links":{"self":[{"href":"https:\/\/www.cercolinfo.it\/index.php\/wp-json\/wp\/v2\/posts\/4823"}],"collection":[{"href":"https:\/\/www.cercolinfo.it\/index.php\/wp-json\/wp\/v2\/posts"}],"about":[{"href":"https:\/\/www.cercolinfo.it\/index.php\/wp-json\/wp\/v2\/types\/post"}],"author":[{"embeddable":true,"href":"https:\/\/www.cercolinfo.it\/index.php\/wp-json\/wp\/v2\/users\/1"}],"replies":[{"embeddable":true,"href":"https:\/\/www.cercolinfo.it\/index.php\/wp-json\/wp\/v2\/comments?post=4823"}],"version-history":[{"count":0,"href":"https:\/\/www.cercolinfo.it\/index.php\/wp-json\/wp\/v2\/posts\/4823\/revisions"}],"wp:featuredmedia":[{"embeddable":true,"href":"https:\/\/www.cercolinfo.it\/index.php\/wp-json\/wp\/v2\/media\/1334"}],"wp:attachment":[{"href":"https:\/\/www.cercolinfo.it\/index.php\/wp-json\/wp\/v2\/media?parent=4823"}],"wp:term":[{"taxonomy":"category","embeddable":true,"href":"https:\/\/www.cercolinfo.it\/index.php\/wp-json\/wp\/v2\/categories?post=4823"},{"taxonomy":"post_tag","embeddable":true,"href":"https:\/\/www.cercolinfo.it\/index.php\/wp-json\/wp\/v2\/tags?post=4823"}],"curies":[{"name":"wp","href":"https:\/\/api.w.org\/{rel}","templated":true}]}}