{"id":6728,"date":"2020-12-30T12:14:24","date_gmt":"2020-12-30T12:14:24","guid":{"rendered":"https:\/\/cercolinfo.it\/?p=6728"},"modified":"2020-12-30T12:14:27","modified_gmt":"2020-12-30T12:14:27","slug":"flash-mob-di-camici-bianchi-e-tempo-di-una-svolta-alla-sanita","status":"publish","type":"post","link":"https:\/\/www.cercolinfo.it\/index.php\/2020\/12\/30\/flash-mob-di-camici-bianchi-e-tempo-di-una-svolta-alla-sanita\/","title":{"rendered":"Flash mob di camici bianchi: \u00e8 tempo di una svolta alla sanit\u00e0"},"content":{"rendered":"\n<p>I medici di medicina generale della <strong>FIMMG<\/strong> (Federazione Italiana Medici di Famiglia) Napoli il <strong>31 dicembre 2020<\/strong>, alle ore 18:00, saranno in Piazza del Plebiscito per dare vita ad un <strong>flash-mob<\/strong>. Un modo per ricordare i colleghi che hanno perso la vita durante l\u2019emergenza sanitaria e far sentire la propria vicinanza ai familiari.<\/p>\n\n\n\n<h4 class=\"wp-block-heading\"><strong>I ricchi simbolismi di questo Flash mob<\/strong><\/h4>\n\n\n\n<p>Si tratta di una manifestazione con un duplice significato che si svolger\u00e0 in tutta sicurezza, con l\u2019autorizzazione di <strong>Palazzo San Giacomo <\/strong>e della <strong>Questura di Napoli<\/strong>. <\/p>\n\n\n\n<p>La pandemia in Italia ha causato milioni di vittime (ad oggi oltre 70.000) e una delle categorie professionali pi\u00f9 colpite dal virus \u00e8 stata proprio quella dei sanitari. <\/p>\n\n\n\n<p>In primis, il Flash mob \u00e8 stato organizzato per abbracciare simbolicamente le famiglie dei tanti colleghi che non sono sopravvissuti alla pandemia. <\/p>\n\n\n\n<p>Inoltre, \u201cDa <strong>Piazza del Plebiscito <\/strong>si lever\u00e0 anche un nostro grido: siamo stanchi perch\u00e9 siamo sotto organico, troppo spesso non siamo apprezzati, in questi mesi ci siamo ammalati e molti di noi sono caduti\u201d \u2013 ricorda Corrado Calamaro della FIMMG Napoli. <\/p>\n\n\n\n<p>\u201cInsieme, indossando i nostri camici ricorderemo e renderemo onore alla memoria dei tanti amici e colleghi che sono scomparsi. Non solo un gesto simbolico, ma anche una testimonianza di dolore e di sostegno verso le famiglie di quanti hanno perso i loro cari. <\/p>\n\n\n\n<p>E al tempo stesso il modo per mostrare la nostra determinazione nel continuare nel ruolo di difensori della salute dei cittadini\u201d. \u201cSpero che dai colleghi arrivi una forte adesione anche per testimoniare ai nostri pazienti la volont\u00e0 di essere, ancora una volta, al loro fianco\u201d \u2013 continua Luigi Sparano della FIMMG Napoli.<\/p>\n\n\n\n<figure class=\"wp-block-image size-large\"><img decoding=\"async\" loading=\"lazy\" width=\"1024\" height=\"768\" src=\"https:\/\/cercolinfo.it\/wp-content\/uploads\/2020\/12\/2-4-1024x768.jpg\" alt=\"\" class=\"wp-image-6729\" srcset=\"https:\/\/www.cercolinfo.it\/wp-content\/uploads\/2020\/12\/2-4-1024x768.jpg 1024w, https:\/\/www.cercolinfo.it\/wp-content\/uploads\/2020\/12\/2-4-300x225.jpg 300w, https:\/\/www.cercolinfo.it\/wp-content\/uploads\/2020\/12\/2-4-768x576.jpg 768w, https:\/\/www.cercolinfo.it\/wp-content\/uploads\/2020\/12\/2-4-1536x1153.jpg 1536w, https:\/\/www.cercolinfo.it\/wp-content\/uploads\/2020\/12\/2-4.jpg 1599w\" sizes=\"(max-width: 1024px) 100vw, 1024px\" \/><figcaption>(immagine di cronachedellacampania.it)<\/figcaption><\/figure>\n\n\n\n<h4 class=\"wp-block-heading\"><strong>Eroi da non dimenticare mai<\/strong><\/h4>\n\n\n\n<p>Nella fase iniziale dell\u2019epidemia, abbiamo ascoltato discorsi pieni di retorica in cui <strong>medici<\/strong>, <strong>infermieri<\/strong> e <strong>operatori socio-sanitari <\/strong>venivano definiti come eroi. <\/p>\n\n\n\n<p>Le categorie direttamente interessate per\u00f2 si sono smarcate in fretta da questo titolo altisonante: \u201c\u00e8 il nostro lavoro, lo svolgiamo anche quando non ve ne accorgete\u201d. <\/p>\n\n\n\n<p>Con il passare dei mesi, a dimostrazione di quanto fossero vuoti questi discorsi, infatti, non c\u2019\u00e8 stata nessuna azione che andasse a riconoscere la loro importanza per il Paese, e quelli che chiamavamo eroi sono tornati nei ranghi dell\u2019invisibilit\u00e0. <\/p>\n\n\n\n<p>Medici, infermieri e operatori sanitari si sono battuti in prima linea contro il covid-19, esponendosi maggiormente al contagio. In molti hanno messo in pericolo le proprie vite, spesso incontrando la morte.<\/p>\n\n\n\n<p>La <strong>FNOMCeO<\/strong> ha stilato un elenco dei medici caduti nel corso dell\u2019epidemia di <strong>Covid-19<\/strong>, contando circa <strong>273 vittime<\/strong>. <\/p>\n\n\n\n<p>Eppure, da una prima fase in cui venivano osannati come eroi, non sono mancati attacchi al comparto sanitario. Durante la fase acuta dell\u2019emergenza noi abbiamo creato questa immagine perch\u00e9 ne avevamo bisogno. <\/p>\n\n\n\n<p>La nostra vita dipendeva dalle loro mani \u2013 e tecnicamente \u00e8 cos\u00ec sempre, anche al di fuori della crisi che abbiamo vissuto \u2013 e inoltre vi era un senso di compassione nei loro confronti indirettamente proporzionale alla gerarchia che rivestivano in ospedale. <\/p>\n\n\n\n<h4 class=\"wp-block-heading\"><strong>Eroi destinati all&#8217; indifferenza<\/strong><\/h4>\n\n\n\n<p>Questo meccanismo di pensiero ha portato tutte le categorie a subire lo stesso destino: adesso sono condannati all\u2019indifferenza quelli che stanno pi\u00f9 in basso e all\u2019odio i nomi grossi. I primi a dimostrare questa ipocrisia sono stati i politici. <\/p>\n\n\n\n<p>Fin dai primi casi di contagi si sono premurati di inserire \u201c<strong>gli eroi degli ospedali<\/strong>\u201d in tutti i discorsi di ringraziamento, ma fuori dal politichese e dagli elogi fini a se stessi non hanno saputo garantire un\u2019adeguata sicurezza per il loro lavoro. <\/p>\n\n\n\n<p>Purtroppo, siamo il Paese dalla memoria corta, quindi \u00e8 facile prevedere il solito stallo all\u2019italiana, con i contratti dei lavoratori non rinnovati e gli specializzandi lasciati nel loro limbo. <\/p>\n\n\n\n<p>I medici servono soltanto al momento del bisogno, come quando sono stati richiamati anziani gi\u00e0 in pensione o assunti ragazzi per mettere una toppa alla voragine dell\u2019emergenza. Abbiamo gi\u00e0 dimenticato un dramma che non \u00e8 stato nemmeno sconfitto del tutto. <\/p>\n\n\n\n<p>Questa volta noi per primi siamo chiamati a non far rimanere questa situazione nell\u2019oblio e il Flash mob potrebbe essere un monito efficace.<\/p>\n\n\n\n<figure class=\"wp-block-image size-large\"><img decoding=\"async\" loading=\"lazy\" width=\"720\" height=\"480\" src=\"https:\/\/cercolinfo.it\/wp-content\/uploads\/2020\/12\/3-4.jpg\" alt=\"\" class=\"wp-image-6730\" srcset=\"https:\/\/www.cercolinfo.it\/wp-content\/uploads\/2020\/12\/3-4.jpg 720w, https:\/\/www.cercolinfo.it\/wp-content\/uploads\/2020\/12\/3-4-300x200.jpg 300w\" sizes=\"(max-width: 720px) 100vw, 720px\" \/><figcaption>(immagine di fondazioneveronesi.it)<\/figcaption><\/figure>\n\n\n\n<h4 class=\"wp-block-heading\"><strong>Una problematica sottovalutata<\/strong><\/h4>\n\n\n\n<p>La recente pandemia da coronavirus ha evidenziato la necessit\u00e0 di potenziare la medicina generale e quella territoriale puntando alla risoluzione di scelte irrisolte a cui tocca dare soluzioni efficaci e quanto mai urgenti. <\/p>\n\n\n\n<p>In Campania al primo posto delle questioni irrisolte vi \u00e8 il problema delle assegnazioni degli ambiti carenti di assistenza primaria, che riguarda la graduatoria definitiva di centinaia di medici di medicina generale, anno 2019, e di medici \u201c<strong>continuit\u00e0 assistenziale<\/strong>\u201d (ex <strong>guardia medica<\/strong>). <\/p>\n\n\n\n<p>Un problema esploso pubblicamente, poco tempo fa, quando centinaia di medici hanno manifestato sotto la sede della Regione, al centro Direzionale di Napoli. <\/p>\n\n\n\n<p>La svolta che i medici rivendicano per rafforzare la medicina generale e quella territoriale, \u00e8 dettata anche da fenomeni strutturali che l\u2019attraversano, come i numerosi pensionamenti attesi nei prossimi mesi; di conseguenza la sanit\u00e0 campana potrebbe rischiare il tracollo non solo a causa dell\u2019emergenza coronavirus ma anche per il perdurare di un certo lassismo nell\u2019ambito delle scelte amministrative.<\/p>\n\n\n\n<figure class=\"wp-block-image size-large\"><img decoding=\"async\" loading=\"lazy\" width=\"900\" height=\"580\" src=\"https:\/\/cercolinfo.it\/wp-content\/uploads\/2020\/12\/4-3.jpg\" alt=\"\" class=\"wp-image-6731\" srcset=\"https:\/\/www.cercolinfo.it\/wp-content\/uploads\/2020\/12\/4-3.jpg 900w, https:\/\/www.cercolinfo.it\/wp-content\/uploads\/2020\/12\/4-3-300x193.jpg 300w, https:\/\/www.cercolinfo.it\/wp-content\/uploads\/2020\/12\/4-3-768x495.jpg 768w\" sizes=\"(max-width: 900px) 100vw, 900px\" \/><figcaption>(immagine di medicalfacts.it)<\/figcaption><\/figure>\n\n\n\n<p>Per queste ragioni, \u00e8 quanto mai urgente la stabilizzazione dei medici precari, che vivono una esistenza poco stabile da molto tempo e puntare all\u2019adeguamento degli organici. <\/p>\n\n\n\n<h4 class=\"wp-block-heading\"><strong>La situazione in Campania<\/strong><\/h4>\n\n\n\n<p>In <strong>Campania<\/strong> esiste un esercito di medici ultraquarantenni che lavorano da oltre 10 anni come sostituti precari nella continuit\u00e0 assistenziale e nel <strong>118<\/strong> in attesa di stabilizzazione o di assegnazione carenza di medicina di base. <\/p>\n\n\n\n<p>C\u2019\u00e8 d\u2019aggiungere che la struttura regionale della Regione Campania, che deve sovrintendere alla programmazione delle attivit\u00e0 dei medici campani, risulta essere sotto organico e mancante di funzionari. <\/p>\n\n\n\n<p>In questo senso risultano pi\u00f9 evidenti e dirette le responsabilit\u00e0 di tale struttura, in quanto da anni non si \u00e8 messo mano a processi di ricambio della classe medica, determinando, in qualche modo, il vuoto amministrativo. <\/p>\n\n\n\n<p>Per dipanare questa situazione i medici di base chiedono il coinvolgimento <strong>degli Ordini provinciali dei Medici Chirurghi e degli Odontoiatri della Campania<\/strong> che devono assumere sempre un ruolo di garanzia tra le forze sindacali e la parte pubblica. <\/p>\n\n\n\n<p>I camici bianchi si stanno battendo affinch\u00e9 sia assicurato il diritto di esercitare dignitosamente e stabilmente la professione medica e a tal fine attendono che la pubblicazione delle zone carenti sia effettuata in tempi brevissimi per esaudire le aspettative della categoria.<\/p>\n\n\n\n<h4 class=\"wp-block-heading\"><strong>Mobilitarsi \u00e8 dovere di tutti<\/strong><\/h4>\n\n\n\n<p>In Campania occorre impegnarsi per delineare, davvero, un sistema sanitario organizzato e fondato su due direttrici: ospedale e territorio. Il medico di medicina generale deve ritornare ad essere il fulcro del rapporto tra il servizio sanitario e il paziente. <\/p>\n\n\n\n<p>Questa situazione \u00e8 stata fin troppo sottovalutata e per molti cittadini nemmeno conosciuta. <\/p>\n\n\n\n<p>L\u2019appello della FIMMG Napoli \u00e8 quello di prendere parte civilmente al Flash mob per salutare insieme questo terribile anno e dare il benvenuto al 2021, con un richiamo all\u2019unit\u00e0 dei medici di medicina generale \u00abanche nell\u2019ottica di prepararsi ad affrontare uniti la nuova sfida che sta per iniziare\u00bb facendo luce sui problemi a cui rispondere con immediata tempestivit\u00e0. <\/p>\n\n\n\n<p>A cura di Laura Imperato<\/p>\n\n\n\n<h5 class=\"wp-block-heading\">LEGGI ANCHE:<\/h5>\n\n\n\n<figure class=\"wp-block-embed is-type-wp-embed is-provider-cercolinfo wp-block-embed-cercolinfo\"><div class=\"wp-block-embed__wrapper\">\n<blockquote class=\"wp-embedded-content\" data-secret=\"uRGq90aymm\"><a href=\"https:\/\/cercolinfo.it\/index.php\/2020\/12\/24\/natale-covid-consigli-per-trascorrerlo-senza-tristezza\/\">Natale Covid: consigli per trascorrerlo senza tristezza!<\/a><\/blockquote><iframe class=\"wp-embedded-content\" sandbox=\"allow-scripts\" security=\"restricted\" style=\"position: absolute; clip: rect(1px, 1px, 1px, 1px);\" title=\"&#8220;Natale Covid: consigli per trascorrerlo senza tristezza!&#8221; &#8212; CERCOLINFO\" src=\"https:\/\/cercolinfo.it\/index.php\/2020\/12\/24\/natale-covid-consigli-per-trascorrerlo-senza-tristezza\/embed\/#?secret=uRGq90aymm\" data-secret=\"uRGq90aymm\" width=\"600\" height=\"338\" frameborder=\"0\" marginwidth=\"0\" marginheight=\"0\" scrolling=\"no\"><\/iframe>\n<\/div><\/figure>\n\n\n\n<p>Leggi anche: <a href=\"https:\/\/cercolinfo.it\/index.php\/2020\/12\/07\/revenge-porn-cosa-e-e-come-proteggersi\/\">https:\/\/cercolinfo.it\/index.php\/2020\/12\/07\/revenge-porn-cosa-e-e-come-proteggersi\/<\/a><\/p>\n","protected":false},"excerpt":{"rendered":"<p>I medici di medicina generale della FIMMG (Federazione Italiana Medici di Famiglia) Napoli il 31 dicembre 2020, alle ore 18:00, saranno in Piazza del Plebiscito per dare vita ad un&#8230; <a class=\"read-more\" href=\"https:\/\/www.cercolinfo.it\/index.php\/2020\/12\/30\/flash-mob-di-camici-bianchi-e-tempo-di-una-svolta-alla-sanita\/\">[Continua a leggere]<\/a><\/p>\n","protected":false},"author":1,"featured_media":6736,"comment_status":"open","ping_status":"open","sticky":false,"template":"","format":"standard","meta":[],"categories":[2058,110],"tags":[2243,2430,1893,2426,2427,2428,2429],"yoast_head":"<!-- This site is optimized with the Yoast SEO plugin v20.5 - https:\/\/yoast.com\/wordpress\/plugins\/seo\/ -->\n<title>Flash mob di camici bianchi: \u00e8 tempo di una svolta alla sanit\u00e0 - CERCOLINFO<\/title>\n<meta name=\"description\" content=\"I medici della FIMMG Napoli il 31 dicembre 2020, alle ore 18:00, saranno in Piazza del Plebiscito per dare vita ad un flash-mob\" \/>\n<meta name=\"robots\" content=\"index, follow, max-snippet:-1, max-image-preview:large, max-video-preview:-1\" \/>\n<link rel=\"canonical\" href=\"https:\/\/www.cercolinfo.it\/index.php\/2020\/12\/30\/flash-mob-di-camici-bianchi-e-tempo-di-una-svolta-alla-sanita\/\" \/>\n<meta property=\"og:locale\" content=\"it_IT\" \/>\n<meta property=\"og:type\" content=\"article\" \/>\n<meta property=\"og:title\" content=\"Flash mob di camici bianchi: \u00e8 tempo di una svolta alla sanit\u00e0 - CERCOLINFO\" \/>\n<meta property=\"og:description\" content=\"I medici della FIMMG Napoli il 31 dicembre 2020, alle ore 18:00, saranno in Piazza del Plebiscito per dare vita ad un flash-mob\" \/>\n<meta property=\"og:url\" content=\"https:\/\/www.cercolinfo.it\/index.php\/2020\/12\/30\/flash-mob-di-camici-bianchi-e-tempo-di-una-svolta-alla-sanita\/\" \/>\n<meta property=\"og:site_name\" content=\"CERCOLINFO\" \/>\n<meta property=\"article:publisher\" content=\"https:\/\/it-it.facebook.com\/cercolinfo\/\" \/>\n<meta property=\"article:published_time\" content=\"2020-12-30T12:14:24+00:00\" \/>\n<meta property=\"article:modified_time\" content=\"2020-12-30T12:14:27+00:00\" \/>\n<meta property=\"og:image\" content=\"https:\/\/www.cercolinfo.it\/wp-content\/uploads\/2020\/12\/1-4.jpg\" \/>\n\t<meta property=\"og:image:width\" content=\"1404\" \/>\n\t<meta property=\"og:image:height\" content=\"768\" \/>\n\t<meta property=\"og:image:type\" content=\"image\/jpeg\" \/>\n<meta name=\"author\" content=\"admin\" \/>\n<meta name=\"twitter:card\" content=\"summary_large_image\" \/>\n<meta name=\"twitter:label1\" content=\"Scritto da\" \/>\n\t<meta name=\"twitter:data1\" content=\"admin\" \/>\n\t<meta name=\"twitter:label2\" content=\"Tempo di lettura stimato\" \/>\n\t<meta name=\"twitter:data2\" content=\"6 minuti\" \/>\n<script type=\"application\/ld+json\" class=\"yoast-schema-graph\">{\"@context\":\"https:\/\/schema.org\",\"@graph\":[{\"@type\":\"Article\",\"@id\":\"https:\/\/www.cercolinfo.it\/index.php\/2020\/12\/30\/flash-mob-di-camici-bianchi-e-tempo-di-una-svolta-alla-sanita\/#article\",\"isPartOf\":{\"@id\":\"https:\/\/www.cercolinfo.it\/index.php\/2020\/12\/30\/flash-mob-di-camici-bianchi-e-tempo-di-una-svolta-alla-sanita\/\"},\"author\":{\"name\":\"admin\",\"@id\":\"https:\/\/www.cercolinfo.it\/#\/schema\/person\/9b04219f1b8ff5360f0de12d1283dc15\"},\"headline\":\"Flash mob di camici bianchi: \u00e8 tempo di una svolta alla sanit\u00e0\",\"datePublished\":\"2020-12-30T12:14:24+00:00\",\"dateModified\":\"2020-12-30T12:14:27+00:00\",\"mainEntityOfPage\":{\"@id\":\"https:\/\/www.cercolinfo.it\/index.php\/2020\/12\/30\/flash-mob-di-camici-bianchi-e-tempo-di-una-svolta-alla-sanita\/\"},\"wordCount\":1182,\"commentCount\":0,\"publisher\":{\"@id\":\"https:\/\/www.cercolinfo.it\/#organization\"},\"keywords\":[\"#covid-19\",\"#flashmob\",\"covid-19\",\"FIMMG\",\"Flash mob\",\"medici\",\"medici eroi\"],\"articleSection\":[\"Cultura\",\"Mondo news\"],\"inLanguage\":\"it-IT\",\"potentialAction\":[{\"@type\":\"CommentAction\",\"name\":\"Comment\",\"target\":[\"https:\/\/www.cercolinfo.it\/index.php\/2020\/12\/30\/flash-mob-di-camici-bianchi-e-tempo-di-una-svolta-alla-sanita\/#respond\"]}]},{\"@type\":\"WebPage\",\"@id\":\"https:\/\/www.cercolinfo.it\/index.php\/2020\/12\/30\/flash-mob-di-camici-bianchi-e-tempo-di-una-svolta-alla-sanita\/\",\"url\":\"https:\/\/www.cercolinfo.it\/index.php\/2020\/12\/30\/flash-mob-di-camici-bianchi-e-tempo-di-una-svolta-alla-sanita\/\",\"name\":\"Flash mob di camici bianchi: \u00e8 tempo di una svolta alla sanit\u00e0 - CERCOLINFO\",\"isPartOf\":{\"@id\":\"https:\/\/www.cercolinfo.it\/#website\"},\"datePublished\":\"2020-12-30T12:14:24+00:00\",\"dateModified\":\"2020-12-30T12:14:27+00:00\",\"description\":\"I medici della FIMMG Napoli il 31 dicembre 2020, alle ore 18:00, saranno in Piazza del Plebiscito per dare vita ad un flash-mob\",\"breadcrumb\":{\"@id\":\"https:\/\/www.cercolinfo.it\/index.php\/2020\/12\/30\/flash-mob-di-camici-bianchi-e-tempo-di-una-svolta-alla-sanita\/#breadcrumb\"},\"inLanguage\":\"it-IT\",\"potentialAction\":[{\"@type\":\"ReadAction\",\"target\":[\"https:\/\/www.cercolinfo.it\/index.php\/2020\/12\/30\/flash-mob-di-camici-bianchi-e-tempo-di-una-svolta-alla-sanita\/\"]}]},{\"@type\":\"BreadcrumbList\",\"@id\":\"https:\/\/www.cercolinfo.it\/index.php\/2020\/12\/30\/flash-mob-di-camici-bianchi-e-tempo-di-una-svolta-alla-sanita\/#breadcrumb\",\"itemListElement\":[{\"@type\":\"ListItem\",\"position\":1,\"name\":\"Home\",\"item\":\"https:\/\/www.cercolinfo.it\/\"},{\"@type\":\"ListItem\",\"position\":2,\"name\":\"Flash mob di camici bianchi: \u00e8 tempo di una svolta alla sanit\u00e0\"}]},{\"@type\":\"WebSite\",\"@id\":\"https:\/\/www.cercolinfo.it\/#website\",\"url\":\"https:\/\/www.cercolinfo.it\/\",\"name\":\"CERCOLINFO\",\"description\":\"Periodico gratuito d&#039;informazione\",\"publisher\":{\"@id\":\"https:\/\/www.cercolinfo.it\/#organization\"},\"potentialAction\":[{\"@type\":\"SearchAction\",\"target\":{\"@type\":\"EntryPoint\",\"urlTemplate\":\"https:\/\/www.cercolinfo.it\/?s={search_term_string}\"},\"query-input\":\"required name=search_term_string\"}],\"inLanguage\":\"it-IT\"},{\"@type\":\"Organization\",\"@id\":\"https:\/\/www.cercolinfo.it\/#organization\",\"name\":\"Proloco Cercola\",\"url\":\"https:\/\/www.cercolinfo.it\/\",\"logo\":{\"@type\":\"ImageObject\",\"inLanguage\":\"it-IT\",\"@id\":\"https:\/\/www.cercolinfo.it\/#\/schema\/logo\/image\/\",\"url\":\"https:\/\/www.cercolinfo.it\/wp-content\/uploads\/2019\/02\/cropped-CERCOLINFO.png\",\"contentUrl\":\"https:\/\/www.cercolinfo.it\/wp-content\/uploads\/2019\/02\/cropped-CERCOLINFO.png\",\"width\":192,\"height\":53,\"caption\":\"Proloco Cercola\"},\"image\":{\"@id\":\"https:\/\/www.cercolinfo.it\/#\/schema\/logo\/image\/\"},\"sameAs\":[\"https:\/\/it-it.facebook.com\/cercolinfo\/\"]},{\"@type\":\"Person\",\"@id\":\"https:\/\/www.cercolinfo.it\/#\/schema\/person\/9b04219f1b8ff5360f0de12d1283dc15\",\"name\":\"admin\",\"image\":{\"@type\":\"ImageObject\",\"inLanguage\":\"it-IT\",\"@id\":\"https:\/\/www.cercolinfo.it\/#\/schema\/person\/image\/\",\"url\":\"https:\/\/secure.gravatar.com\/avatar\/9da6c62f1a357a43f6c7a7e5a3ac1119?s=96&d=mm&r=g\",\"contentUrl\":\"https:\/\/secure.gravatar.com\/avatar\/9da6c62f1a357a43f6c7a7e5a3ac1119?s=96&d=mm&r=g\",\"caption\":\"admin\"},\"url\":\"https:\/\/www.cercolinfo.it\/index.php\/author\/adituoro_bi9nrhr1\/\"}]}<\/script>\n<!-- \/ Yoast SEO plugin. -->","yoast_head_json":{"title":"Flash mob di camici bianchi: \u00e8 tempo di una svolta alla sanit\u00e0 - CERCOLINFO","description":"I medici della FIMMG Napoli il 31 dicembre 2020, alle ore 18:00, saranno in Piazza del Plebiscito per dare vita ad un flash-mob","robots":{"index":"index","follow":"follow","max-snippet":"max-snippet:-1","max-image-preview":"max-image-preview:large","max-video-preview":"max-video-preview:-1"},"canonical":"https:\/\/www.cercolinfo.it\/index.php\/2020\/12\/30\/flash-mob-di-camici-bianchi-e-tempo-di-una-svolta-alla-sanita\/","og_locale":"it_IT","og_type":"article","og_title":"Flash mob di camici bianchi: \u00e8 tempo di una svolta alla sanit\u00e0 - CERCOLINFO","og_description":"I medici della FIMMG Napoli il 31 dicembre 2020, alle ore 18:00, saranno in Piazza del Plebiscito per dare vita ad un flash-mob","og_url":"https:\/\/www.cercolinfo.it\/index.php\/2020\/12\/30\/flash-mob-di-camici-bianchi-e-tempo-di-una-svolta-alla-sanita\/","og_site_name":"CERCOLINFO","article_publisher":"https:\/\/it-it.facebook.com\/cercolinfo\/","article_published_time":"2020-12-30T12:14:24+00:00","article_modified_time":"2020-12-30T12:14:27+00:00","og_image":[{"width":1404,"height":768,"url":"https:\/\/www.cercolinfo.it\/wp-content\/uploads\/2020\/12\/1-4.jpg","type":"image\/jpeg"}],"author":"admin","twitter_card":"summary_large_image","twitter_misc":{"Scritto da":"admin","Tempo di lettura stimato":"6 minuti"},"schema":{"@context":"https:\/\/schema.org","@graph":[{"@type":"Article","@id":"https:\/\/www.cercolinfo.it\/index.php\/2020\/12\/30\/flash-mob-di-camici-bianchi-e-tempo-di-una-svolta-alla-sanita\/#article","isPartOf":{"@id":"https:\/\/www.cercolinfo.it\/index.php\/2020\/12\/30\/flash-mob-di-camici-bianchi-e-tempo-di-una-svolta-alla-sanita\/"},"author":{"name":"admin","@id":"https:\/\/www.cercolinfo.it\/#\/schema\/person\/9b04219f1b8ff5360f0de12d1283dc15"},"headline":"Flash mob di camici bianchi: \u00e8 tempo di una svolta alla sanit\u00e0","datePublished":"2020-12-30T12:14:24+00:00","dateModified":"2020-12-30T12:14:27+00:00","mainEntityOfPage":{"@id":"https:\/\/www.cercolinfo.it\/index.php\/2020\/12\/30\/flash-mob-di-camici-bianchi-e-tempo-di-una-svolta-alla-sanita\/"},"wordCount":1182,"commentCount":0,"publisher":{"@id":"https:\/\/www.cercolinfo.it\/#organization"},"keywords":["#covid-19","#flashmob","covid-19","FIMMG","Flash mob","medici","medici eroi"],"articleSection":["Cultura","Mondo news"],"inLanguage":"it-IT","potentialAction":[{"@type":"CommentAction","name":"Comment","target":["https:\/\/www.cercolinfo.it\/index.php\/2020\/12\/30\/flash-mob-di-camici-bianchi-e-tempo-di-una-svolta-alla-sanita\/#respond"]}]},{"@type":"WebPage","@id":"https:\/\/www.cercolinfo.it\/index.php\/2020\/12\/30\/flash-mob-di-camici-bianchi-e-tempo-di-una-svolta-alla-sanita\/","url":"https:\/\/www.cercolinfo.it\/index.php\/2020\/12\/30\/flash-mob-di-camici-bianchi-e-tempo-di-una-svolta-alla-sanita\/","name":"Flash mob di camici bianchi: \u00e8 tempo di una svolta alla sanit\u00e0 - CERCOLINFO","isPartOf":{"@id":"https:\/\/www.cercolinfo.it\/#website"},"datePublished":"2020-12-30T12:14:24+00:00","dateModified":"2020-12-30T12:14:27+00:00","description":"I medici della FIMMG Napoli il 31 dicembre 2020, alle ore 18:00, saranno in Piazza del Plebiscito per dare vita ad un flash-mob","breadcrumb":{"@id":"https:\/\/www.cercolinfo.it\/index.php\/2020\/12\/30\/flash-mob-di-camici-bianchi-e-tempo-di-una-svolta-alla-sanita\/#breadcrumb"},"inLanguage":"it-IT","potentialAction":[{"@type":"ReadAction","target":["https:\/\/www.cercolinfo.it\/index.php\/2020\/12\/30\/flash-mob-di-camici-bianchi-e-tempo-di-una-svolta-alla-sanita\/"]}]},{"@type":"BreadcrumbList","@id":"https:\/\/www.cercolinfo.it\/index.php\/2020\/12\/30\/flash-mob-di-camici-bianchi-e-tempo-di-una-svolta-alla-sanita\/#breadcrumb","itemListElement":[{"@type":"ListItem","position":1,"name":"Home","item":"https:\/\/www.cercolinfo.it\/"},{"@type":"ListItem","position":2,"name":"Flash mob di camici bianchi: \u00e8 tempo di una svolta alla sanit\u00e0"}]},{"@type":"WebSite","@id":"https:\/\/www.cercolinfo.it\/#website","url":"https:\/\/www.cercolinfo.it\/","name":"CERCOLINFO","description":"Periodico gratuito d&#039;informazione","publisher":{"@id":"https:\/\/www.cercolinfo.it\/#organization"},"potentialAction":[{"@type":"SearchAction","target":{"@type":"EntryPoint","urlTemplate":"https:\/\/www.cercolinfo.it\/?s={search_term_string}"},"query-input":"required name=search_term_string"}],"inLanguage":"it-IT"},{"@type":"Organization","@id":"https:\/\/www.cercolinfo.it\/#organization","name":"Proloco Cercola","url":"https:\/\/www.cercolinfo.it\/","logo":{"@type":"ImageObject","inLanguage":"it-IT","@id":"https:\/\/www.cercolinfo.it\/#\/schema\/logo\/image\/","url":"https:\/\/www.cercolinfo.it\/wp-content\/uploads\/2019\/02\/cropped-CERCOLINFO.png","contentUrl":"https:\/\/www.cercolinfo.it\/wp-content\/uploads\/2019\/02\/cropped-CERCOLINFO.png","width":192,"height":53,"caption":"Proloco Cercola"},"image":{"@id":"https:\/\/www.cercolinfo.it\/#\/schema\/logo\/image\/"},"sameAs":["https:\/\/it-it.facebook.com\/cercolinfo\/"]},{"@type":"Person","@id":"https:\/\/www.cercolinfo.it\/#\/schema\/person\/9b04219f1b8ff5360f0de12d1283dc15","name":"admin","image":{"@type":"ImageObject","inLanguage":"it-IT","@id":"https:\/\/www.cercolinfo.it\/#\/schema\/person\/image\/","url":"https:\/\/secure.gravatar.com\/avatar\/9da6c62f1a357a43f6c7a7e5a3ac1119?s=96&d=mm&r=g","contentUrl":"https:\/\/secure.gravatar.com\/avatar\/9da6c62f1a357a43f6c7a7e5a3ac1119?s=96&d=mm&r=g","caption":"admin"},"url":"https:\/\/www.cercolinfo.it\/index.php\/author\/adituoro_bi9nrhr1\/"}]}},"_links":{"self":[{"href":"https:\/\/www.cercolinfo.it\/index.php\/wp-json\/wp\/v2\/posts\/6728"}],"collection":[{"href":"https:\/\/www.cercolinfo.it\/index.php\/wp-json\/wp\/v2\/posts"}],"about":[{"href":"https:\/\/www.cercolinfo.it\/index.php\/wp-json\/wp\/v2\/types\/post"}],"author":[{"embeddable":true,"href":"https:\/\/www.cercolinfo.it\/index.php\/wp-json\/wp\/v2\/users\/1"}],"replies":[{"embeddable":true,"href":"https:\/\/www.cercolinfo.it\/index.php\/wp-json\/wp\/v2\/comments?post=6728"}],"version-history":[{"count":0,"href":"https:\/\/www.cercolinfo.it\/index.php\/wp-json\/wp\/v2\/posts\/6728\/revisions"}],"wp:featuredmedia":[{"embeddable":true,"href":"https:\/\/www.cercolinfo.it\/index.php\/wp-json\/wp\/v2\/media\/6736"}],"wp:attachment":[{"href":"https:\/\/www.cercolinfo.it\/index.php\/wp-json\/wp\/v2\/media?parent=6728"}],"wp:term":[{"taxonomy":"category","embeddable":true,"href":"https:\/\/www.cercolinfo.it\/index.php\/wp-json\/wp\/v2\/categories?post=6728"},{"taxonomy":"post_tag","embeddable":true,"href":"https:\/\/www.cercolinfo.it\/index.php\/wp-json\/wp\/v2\/tags?post=6728"}],"curies":[{"name":"wp","href":"https:\/\/api.w.org\/{rel}","templated":true}]}}